{"id":2855,"date":"2024-12-03T20:27:30","date_gmt":"2024-12-03T18:27:30","guid":{"rendered":"https:\/\/www.meriwestlin.fi\/?p=2855"},"modified":"2024-12-03T20:27:38","modified_gmt":"2024-12-03T18:27:38","slug":"siirtolapuutarha-21-2-12-3-2025","status":"publish","type":"post","link":"https:\/\/www.meriwestlin.fi\/en\/ajankohtaista\/siirtolapuutarha-21-2-12-3-2025\/","title":{"rendered":"Siirtolapuutarha 21.2.-12.3.2025"},"content":{"rendered":"<p>Hannamari Matikainen<br>P\u00e4lvi Hanni<br>Meri Westlin<\/p>\n\n\n\n<p><br>Galleria Saskia Tampere<\/p>\n\n\n\n<p>Kolmen taiteilijan vapaamuotoinen siirtolapuutarha. N\u00e4yttely tarjoilee v\u00e4ri\u00e4 ja valoa koko gallerian t\u00e4ydelt\u00e4. N\u00e4yttelyn yhteisteema kantaa koko tilan ja luo sen uudeksi niinkuin alkava kev\u00e4t!<\/p>\n\n\n\n<p>T\u00e4m\u00e4 on ryhm\u00e4n toinen yhteisn\u00e4yttely. Ensimm\u00e4inen \u201cIrtiottoja\u201d n\u00e4yttely esitteli taiteilijoiden teoksia Galleria Saskiassa 2019 ja se sai suuren suosion.<\/p>","protected":false},"excerpt":{"rendered":"<p>Hannamari MatikainenP\u00e4lvi HanniMeri Westlin Galleria Saskia Tampere Kolmen taiteilijan vapaamuotoinen siirtolapuutarha. N\u00e4yttely tarjoilee v\u00e4ri\u00e4 ja valoa koko gallerian t\u00e4ydelt\u00e4. N\u00e4yttelyn yhteisteema kantaa koko tilan ja luo sen uudeksi niinkuin alkava kev\u00e4t! T\u00e4m\u00e4 on ryhm\u00e4n toinen yhteisn\u00e4yttely. Ensimm\u00e4inen \u201cIrtiottoja\u201d n\u00e4yttely esitteli taiteilijoiden teoksia Galleria Saskiassa 2019 ja se sai suuren suosion.<\/p>","protected":false},"author":4,"featured_media":2856,"comment_status":"closed","ping_status":"open","sticky":false,"template":"","format":"standard","meta":{"_acf_changed":false,"footnotes":""},"categories":[1],"tags":[],"class_list":["post-2855","post","type-post","status-publish","format-standard","has-post-thumbnail","hentry","category-ajankohtaista"],"acf":[],"yoast_head":"<!-- This site is optimized with the Yoast SEO plugin v25.2 - https:\/\/yoast.com\/wordpress\/plugins\/seo\/ -->\n<title>Siirtolapuutarha 21.2.-12.3.2025 - Meri Westlin<\/title>\n<meta name=\"robots\" content=\"index, follow, max-snippet:-1, max-image-preview:large, max-video-preview:-1\" \/>\n<link rel=\"canonical\" href=\"https:\/\/www.meriwestlin.fi\/en\/ajankohtaista\/siirtolapuutarha-21-2-12-3-2025\/\" \/>\n<meta property=\"og:locale\" content=\"en_GB\" \/>\n<meta property=\"og:type\" content=\"article\" \/>\n<meta property=\"og:title\" content=\"Siirtolapuutarha 21.2.-12.3.2025 - Meri Westlin\" \/>\n<meta property=\"og:description\" content=\"Hannamari MatikainenP\u00e4lvi HanniMeri Westlin Galleria Saskia Tampere Kolmen taiteilijan vapaamuotoinen siirtolapuutarha. N\u00e4yttely tarjoilee v\u00e4ri\u00e4 ja valoa koko gallerian t\u00e4ydelt\u00e4. N\u00e4yttelyn yhteisteema kantaa koko tilan ja luo sen uudeksi niinkuin alkava kev\u00e4t! T\u00e4m\u00e4 on ryhm\u00e4n toinen yhteisn\u00e4yttely. Ensimm\u00e4inen \u201cIrtiottoja\u201d n\u00e4yttely esitteli taiteilijoiden teoksia Galleria Saskiassa 2019 ja se sai suuren suosion.\" \/>\n<meta property=\"og:url\" content=\"https:\/\/www.meriwestlin.fi\/en\/ajankohtaista\/siirtolapuutarha-21-2-12-3-2025\/\" \/>\n<meta property=\"og:site_name\" content=\"Meri Westlin\" \/>\n<meta property=\"article:published_time\" content=\"2024-12-03T18:27:30+00:00\" \/>\n<meta property=\"article:modified_time\" content=\"2024-12-03T18:27:38+00:00\" \/>\n<meta property=\"og:image\" content=\"https:\/\/www.meriwestlin.fi\/wp-content\/uploads\/2024\/12\/WhatsApp-Image-2024-11-26-at-10.40.01.jpeg\" \/>\n\t<meta property=\"og:image:width\" content=\"2048\" \/>\n\t<meta property=\"og:image:height\" content=\"2048\" \/>\n\t<meta property=\"og:image:type\" content=\"image\/jpeg\" \/>\n<meta name=\"author\" content=\"Satu\" \/>\n<meta name=\"twitter:card\" content=\"summary_large_image\" \/>\n<meta name=\"twitter:label1\" content=\"Written by\" \/>\n\t<meta name=\"twitter:data1\" content=\"Satu\" \/>\n\t<meta name=\"twitter:label2\" content=\"Estimated reading time\" \/>\n\t<meta name=\"twitter:data2\" content=\"1 minute\" \/>\n<script type=\"application\/ld+json\" class=\"yoast-schema-graph\">{\"@context\":\"https:\/\/schema.org\",\"@graph\":[{\"@type\":\"Article\",\"@id\":\"https:\/\/www.meriwestlin.fi\/ajankohtaista\/siirtolapuutarha-21-2-12-3-2025\/#article\",\"isPartOf\":{\"@id\":\"https:\/\/www.meriwestlin.fi\/ajankohtaista\/siirtolapuutarha-21-2-12-3-2025\/\"},\"author\":{\"name\":\"Satu\",\"@id\":\"https:\/\/www.meriwestlin.fi\/#\/schema\/person\/6c4d7387e27c687769602089eb2f35b1\"},\"headline\":\"Siirtolapuutarha 21.2.-12.3.2025\",\"datePublished\":\"2024-12-03T18:27:30+00:00\",\"dateModified\":\"2024-12-03T18:27:38+00:00\",\"mainEntityOfPage\":{\"@id\":\"https:\/\/www.meriwestlin.fi\/ajankohtaista\/siirtolapuutarha-21-2-12-3-2025\/\"},\"wordCount\":62,\"publisher\":{\"@id\":\"https:\/\/www.meriwestlin.fi\/#organization\"},\"image\":{\"@id\":\"https:\/\/www.meriwestlin.fi\/ajankohtaista\/siirtolapuutarha-21-2-12-3-2025\/#primaryimage\"},\"thumbnailUrl\":\"https:\/\/www.meriwestlin.fi\/wp-content\/uploads\/2024\/12\/WhatsApp-Image-2024-11-26-at-10.40.01.jpeg\",\"articleSection\":[\"Ajankohtaista\"],\"inLanguage\":\"en-GB\"},{\"@type\":\"WebPage\",\"@id\":\"https:\/\/www.meriwestlin.fi\/ajankohtaista\/siirtolapuutarha-21-2-12-3-2025\/\",\"url\":\"https:\/\/www.meriwestlin.fi\/ajankohtaista\/siirtolapuutarha-21-2-12-3-2025\/\",\"name\":\"Siirtolapuutarha 21.2.-12.3.2025 - Meri Westlin\",\"isPartOf\":{\"@id\":\"https:\/\/www.meriwestlin.fi\/#website\"},\"primaryImageOfPage\":{\"@id\":\"https:\/\/www.meriwestlin.fi\/ajankohtaista\/siirtolapuutarha-21-2-12-3-2025\/#primaryimage\"},\"image\":{\"@id\":\"https:\/\/www.meriwestlin.fi\/ajankohtaista\/siirtolapuutarha-21-2-12-3-2025\/#primaryimage\"},\"thumbnailUrl\":\"https:\/\/www.meriwestlin.fi\/wp-content\/uploads\/2024\/12\/WhatsApp-Image-2024-11-26-at-10.40.01.jpeg\",\"datePublished\":\"2024-12-03T18:27:30+00:00\",\"dateModified\":\"2024-12-03T18:27:38+00:00\",\"breadcrumb\":{\"@id\":\"https:\/\/www.meriwestlin.fi\/ajankohtaista\/siirtolapuutarha-21-2-12-3-2025\/#breadcrumb\"},\"inLanguage\":\"en-GB\",\"potentialAction\":[{\"@type\":\"ReadAction\",\"target\":[\"https:\/\/www.meriwestlin.fi\/ajankohtaista\/siirtolapuutarha-21-2-12-3-2025\/\"]}]},{\"@type\":\"ImageObject\",\"inLanguage\":\"en-GB\",\"@id\":\"https:\/\/www.meriwestlin.fi\/ajankohtaista\/siirtolapuutarha-21-2-12-3-2025\/#primaryimage\",\"url\":\"https:\/\/www.meriwestlin.fi\/wp-content\/uploads\/2024\/12\/WhatsApp-Image-2024-11-26-at-10.40.01.jpeg\",\"contentUrl\":\"https:\/\/www.meriwestlin.fi\/wp-content\/uploads\/2024\/12\/WhatsApp-Image-2024-11-26-at-10.40.01.jpeg\",\"width\":2048,\"height\":2048},{\"@type\":\"BreadcrumbList\",\"@id\":\"https:\/\/www.meriwestlin.fi\/ajankohtaista\/siirtolapuutarha-21-2-12-3-2025\/#breadcrumb\",\"itemListElement\":[{\"@type\":\"ListItem\",\"position\":1,\"name\":\"Etusivu\",\"item\":\"https:\/\/www.meriwestlin.fi\/\"},{\"@type\":\"ListItem\",\"position\":2,\"name\":\"Siirtolapuutarha 21.2.-12.3.2025\"}]},{\"@type\":\"WebSite\",\"@id\":\"https:\/\/www.meriwestlin.fi\/#website\",\"url\":\"https:\/\/www.meriwestlin.fi\/\",\"name\":\"Meri Westlin\",\"description\":\"Visual artist \/ Kuvataiteilija\",\"publisher\":{\"@id\":\"https:\/\/www.meriwestlin.fi\/#organization\"},\"potentialAction\":[{\"@type\":\"SearchAction\",\"target\":{\"@type\":\"EntryPoint\",\"urlTemplate\":\"https:\/\/www.meriwestlin.fi\/?s={search_term_string}\"},\"query-input\":{\"@type\":\"PropertyValueSpecification\",\"valueRequired\":true,\"valueName\":\"search_term_string\"}}],\"inLanguage\":\"en-GB\"},{\"@type\":\"Organization\",\"@id\":\"https:\/\/www.meriwestlin.fi\/#organization\",\"name\":\"Meri Westlin\",\"url\":\"https:\/\/www.meriwestlin.fi\/\",\"logo\":{\"@type\":\"ImageObject\",\"inLanguage\":\"en-GB\",\"@id\":\"https:\/\/www.meriwestlin.fi\/#\/schema\/logo\/image\/\",\"url\":\"https:\/\/www.meriwestlin.fi\/wp-content\/uploads\/2022\/05\/cropped-Meri-Westlin-Logo-Black.png\",\"contentUrl\":\"https:\/\/www.meriwestlin.fi\/wp-content\/uploads\/2022\/05\/cropped-Meri-Westlin-Logo-Black.png\",\"width\":1239,\"height\":850,\"caption\":\"Meri Westlin\"},\"image\":{\"@id\":\"https:\/\/www.meriwestlin.fi\/#\/schema\/logo\/image\/\"}},{\"@type\":\"Person\",\"@id\":\"https:\/\/www.meriwestlin.fi\/#\/schema\/person\/6c4d7387e27c687769602089eb2f35b1\",\"name\":\"Satu\",\"url\":\"https:\/\/www.meriwestlin.fi\/en\/author\/satu\/\"}]}<\/script>\n<!-- \/ Yoast SEO plugin. -->","yoast_head_json":{"title":"Siirtolapuutarha 21.2.-12.3.2025 - Meri Westlin","robots":{"index":"index","follow":"follow","max-snippet":"max-snippet:-1","max-image-preview":"max-image-preview:large","max-video-preview":"max-video-preview:-1"},"canonical":"https:\/\/www.meriwestlin.fi\/en\/ajankohtaista\/siirtolapuutarha-21-2-12-3-2025\/","og_locale":"en_GB","og_type":"article","og_title":"Siirtolapuutarha 21.2.-12.3.2025 - Meri Westlin","og_description":"Hannamari MatikainenP\u00e4lvi HanniMeri Westlin Galleria Saskia Tampere Kolmen taiteilijan vapaamuotoinen siirtolapuutarha. N\u00e4yttely tarjoilee v\u00e4ri\u00e4 ja valoa koko gallerian t\u00e4ydelt\u00e4. N\u00e4yttelyn yhteisteema kantaa koko tilan ja luo sen uudeksi niinkuin alkava kev\u00e4t! T\u00e4m\u00e4 on ryhm\u00e4n toinen yhteisn\u00e4yttely. Ensimm\u00e4inen \u201cIrtiottoja\u201d n\u00e4yttely esitteli taiteilijoiden teoksia Galleria Saskiassa 2019 ja se sai suuren suosion.","og_url":"https:\/\/www.meriwestlin.fi\/en\/ajankohtaista\/siirtolapuutarha-21-2-12-3-2025\/","og_site_name":"Meri Westlin","article_published_time":"2024-12-03T18:27:30+00:00","article_modified_time":"2024-12-03T18:27:38+00:00","og_image":[{"width":2048,"height":2048,"url":"https:\/\/www.meriwestlin.fi\/wp-content\/uploads\/2024\/12\/WhatsApp-Image-2024-11-26-at-10.40.01.jpeg","type":"image\/jpeg"}],"author":"Satu","twitter_card":"summary_large_image","twitter_misc":{"Written by":"Satu","Estimated reading time":"1 minute"},"schema":{"@context":"https:\/\/schema.org","@graph":[{"@type":"Article","@id":"https:\/\/www.meriwestlin.fi\/ajankohtaista\/siirtolapuutarha-21-2-12-3-2025\/#article","isPartOf":{"@id":"https:\/\/www.meriwestlin.fi\/ajankohtaista\/siirtolapuutarha-21-2-12-3-2025\/"},"author":{"name":"Satu","@id":"https:\/\/www.meriwestlin.fi\/#\/schema\/person\/6c4d7387e27c687769602089eb2f35b1"},"headline":"Siirtolapuutarha 21.2.-12.3.2025","datePublished":"2024-12-03T18:27:30+00:00","dateModified":"2024-12-03T18:27:38+00:00","mainEntityOfPage":{"@id":"https:\/\/www.meriwestlin.fi\/ajankohtaista\/siirtolapuutarha-21-2-12-3-2025\/"},"wordCount":62,"publisher":{"@id":"https:\/\/www.meriwestlin.fi\/#organization"},"image":{"@id":"https:\/\/www.meriwestlin.fi\/ajankohtaista\/siirtolapuutarha-21-2-12-3-2025\/#primaryimage"},"thumbnailUrl":"https:\/\/www.meriwestlin.fi\/wp-content\/uploads\/2024\/12\/WhatsApp-Image-2024-11-26-at-10.40.01.jpeg","articleSection":["Ajankohtaista"],"inLanguage":"en-GB"},{"@type":"WebPage","@id":"https:\/\/www.meriwestlin.fi\/ajankohtaista\/siirtolapuutarha-21-2-12-3-2025\/","url":"https:\/\/www.meriwestlin.fi\/ajankohtaista\/siirtolapuutarha-21-2-12-3-2025\/","name":"Siirtolapuutarha 21.2.-12.3.2025 - Meri Westlin","isPartOf":{"@id":"https:\/\/www.meriwestlin.fi\/#website"},"primaryImageOfPage":{"@id":"https:\/\/www.meriwestlin.fi\/ajankohtaista\/siirtolapuutarha-21-2-12-3-2025\/#primaryimage"},"image":{"@id":"https:\/\/www.meriwestlin.fi\/ajankohtaista\/siirtolapuutarha-21-2-12-3-2025\/#primaryimage"},"thumbnailUrl":"https:\/\/www.meriwestlin.fi\/wp-content\/uploads\/2024\/12\/WhatsApp-Image-2024-11-26-at-10.40.01.jpeg","datePublished":"2024-12-03T18:27:30+00:00","dateModified":"2024-12-03T18:27:38+00:00","breadcrumb":{"@id":"https:\/\/www.meriwestlin.fi\/ajankohtaista\/siirtolapuutarha-21-2-12-3-2025\/#breadcrumb"},"inLanguage":"en-GB","potentialAction":[{"@type":"ReadAction","target":["https:\/\/www.meriwestlin.fi\/ajankohtaista\/siirtolapuutarha-21-2-12-3-2025\/"]}]},{"@type":"ImageObject","inLanguage":"en-GB","@id":"https:\/\/www.meriwestlin.fi\/ajankohtaista\/siirtolapuutarha-21-2-12-3-2025\/#primaryimage","url":"https:\/\/www.meriwestlin.fi\/wp-content\/uploads\/2024\/12\/WhatsApp-Image-2024-11-26-at-10.40.01.jpeg","contentUrl":"https:\/\/www.meriwestlin.fi\/wp-content\/uploads\/2024\/12\/WhatsApp-Image-2024-11-26-at-10.40.01.jpeg","width":2048,"height":2048},{"@type":"BreadcrumbList","@id":"https:\/\/www.meriwestlin.fi\/ajankohtaista\/siirtolapuutarha-21-2-12-3-2025\/#breadcrumb","itemListElement":[{"@type":"ListItem","position":1,"name":"Etusivu","item":"https:\/\/www.meriwestlin.fi\/"},{"@type":"ListItem","position":2,"name":"Siirtolapuutarha 21.2.-12.3.2025"}]},{"@type":"WebSite","@id":"https:\/\/www.meriwestlin.fi\/#website","url":"https:\/\/www.meriwestlin.fi\/","name":"Meri Westlin","description":"Visual artist \/ Kuvataiteilija","publisher":{"@id":"https:\/\/www.meriwestlin.fi\/#organization"},"potentialAction":[{"@type":"SearchAction","target":{"@type":"EntryPoint","urlTemplate":"https:\/\/www.meriwestlin.fi\/?s={search_term_string}"},"query-input":{"@type":"PropertyValueSpecification","valueRequired":true,"valueName":"search_term_string"}}],"inLanguage":"en-GB"},{"@type":"Organization","@id":"https:\/\/www.meriwestlin.fi\/#organization","name":"Meri Westlin","url":"https:\/\/www.meriwestlin.fi\/","logo":{"@type":"ImageObject","inLanguage":"en-GB","@id":"https:\/\/www.meriwestlin.fi\/#\/schema\/logo\/image\/","url":"https:\/\/www.meriwestlin.fi\/wp-content\/uploads\/2022\/05\/cropped-Meri-Westlin-Logo-Black.png","contentUrl":"https:\/\/www.meriwestlin.fi\/wp-content\/uploads\/2022\/05\/cropped-Meri-Westlin-Logo-Black.png","width":1239,"height":850,"caption":"Meri Westlin"},"image":{"@id":"https:\/\/www.meriwestlin.fi\/#\/schema\/logo\/image\/"}},{"@type":"Person","@id":"https:\/\/www.meriwestlin.fi\/#\/schema\/person\/6c4d7387e27c687769602089eb2f35b1","name":"Satu","url":"https:\/\/www.meriwestlin.fi\/en\/author\/satu\/"}]}},"_links":{"self":[{"href":"https:\/\/www.meriwestlin.fi\/en\/wp-json\/wp\/v2\/posts\/2855","targetHints":{"allow":["GET"]}}],"collection":[{"href":"https:\/\/www.meriwestlin.fi\/en\/wp-json\/wp\/v2\/posts"}],"about":[{"href":"https:\/\/www.meriwestlin.fi\/en\/wp-json\/wp\/v2\/types\/post"}],"author":[{"embeddable":true,"href":"https:\/\/www.meriwestlin.fi\/en\/wp-json\/wp\/v2\/users\/4"}],"replies":[{"embeddable":true,"href":"https:\/\/www.meriwestlin.fi\/en\/wp-json\/wp\/v2\/comments?post=2855"}],"version-history":[{"count":3,"href":"https:\/\/www.meriwestlin.fi\/en\/wp-json\/wp\/v2\/posts\/2855\/revisions"}],"predecessor-version":[{"id":2881,"href":"https:\/\/www.meriwestlin.fi\/en\/wp-json\/wp\/v2\/posts\/2855\/revisions\/2881"}],"wp:featuredmedia":[{"embeddable":true,"href":"https:\/\/www.meriwestlin.fi\/en\/wp-json\/wp\/v2\/media\/2856"}],"wp:attachment":[{"href":"https:\/\/www.meriwestlin.fi\/en\/wp-json\/wp\/v2\/media?parent=2855"}],"wp:term":[{"taxonomy":"category","embeddable":true,"href":"https:\/\/www.meriwestlin.fi\/en\/wp-json\/wp\/v2\/categories?post=2855"},{"taxonomy":"post_tag","embeddable":true,"href":"https:\/\/www.meriwestlin.fi\/en\/wp-json\/wp\/v2\/tags?post=2855"}],"curies":[{"name":"wp","href":"https:\/\/api.w.org\/{rel}","templated":true}]}}