{"id":2703,"date":"2024-03-06T17:49:07","date_gmt":"2024-03-06T15:49:07","guid":{"rendered":"https:\/\/www.meriwestlin.fi\/?p=2703"},"modified":"2025-02-12T21:06:39","modified_gmt":"2025-02-12T19:06:39","slug":"forssa-textile-week-15-18-8-2024","status":"publish","type":"post","link":"https:\/\/www.meriwestlin.fi\/en\/ajankohtaista\/forssa-textile-week-15-18-8-2024\/","title":{"rendered":"LIINA Forssan museo, Galleria Moletti 30.7.-18.8.2024"},"content":{"rendered":"<blockquote class=\"wp-block-quote is-layout-flow wp-block-quote-is-layout-flow\">\n<h3 class=\"wp-block-heading\">MERI WESTLIN: LIINA &#8211; TEKSTIILIVEISTOKSIA METALLILANGASTA 30.7.-18.8.2024<\/h3>\n\n\n\n<p><strong>Galleria&nbsp;Moletti, Forssan&nbsp;museo<\/strong><strong>&nbsp;<\/strong><\/p>\n\n\n\n<p>Meri Westlin on luonut Molettiin uuden teossarjan Liina. Se on jatkoa vuonna 2022 Finlayson Art Areassa Tampereella n\u00e4hdylle Garderobi-sarjalle. Suomalaisen tekstiiliteollisuuden historia yhdist\u00e4\u00e4 n\u00e4yttelytiloja sek\u00e4 my\u00f6s sijaintia. Tampere sek\u00e4 Forssa ovat molemmat olleet tekstiiliteollisuuden keskuksia. Tehtaan ty\u00f6ntekij\u00f6iden kertomukset ja muistot inspiroivat Westlini\u00e4 luomaan teoksia, jotka ovat kunnianosoituksia tekstiilialan ty\u00f6ntekij\u00f6ille. Suurin osa heist\u00e4 oli niin sanottuja puuvillatytt\u00f6j\u00e4, ja heit\u00e4 ajatellen installaatiosta l\u00f6ytyy siroja mekkoja.&nbsp;<\/p>\n\n\n\n<p>Tematiikka juontaa melkein kolmenkymmenen vuoden taakse. Westlinin teos \u201dPohjoiskarjalainen Haute Couture\u201d oli esill\u00e4 vuonna 1997 Honkahovissa ja sen puistossa osana M\u00e4nt\u00e4n kuvataideviikkoja. Sielt\u00e4 teokset ovat jakautuneet eri kokoelmiin ja eri omistajille muun muassa Joensuun taidemuseoon, jossa niit\u00e4 n\u00e4htiin kokoelman\u00e4yttelyss\u00e4 vuonna 2021. Ne n\u00e4hty\u00e4\u00e4n Finlayson Art Arean kuraattori pyysi Westlini\u00e4 palaamaan teeman ja tekniikan pariin.&nbsp;<\/p>\n\n\n\n<p>Meri&nbsp;Westlin&nbsp;on k\u00e4sitellyt tekstiiliteemaa teoksissaan aina, mutta n\u00e4k\u00f6kulma on ollut&nbsp;enemm\u00e4n kallistunut k\u00e4sit\u00f6ihin. H\u00e4nen K\u00e4spaikka-aiheiset maalauksensa, piirroksensa ja&nbsp;installaationsa ovat kiert\u00e4neet n\u00e4yttelyiss\u00e4 eri puolilla Suomea koko 2000-luvun ajan.&nbsp;&nbsp;<\/p>\n\n\n\n<p>Vaikka uusissa teoksissa inspiraationa on ollut tekstiiliteollisuuden historia, on k\u00e4sill\u00e4&nbsp;tekeminen niiss\u00e4 l\u00e4sn\u00e4 h\u00e4nen oman ty\u00f6skentelyns\u00e4 kautta.&nbsp;Westlin&nbsp;on kutonut k\u00e4sin&nbsp;metallilangasta ilmavia, miltei aineettomia veistoksia, joiden aiheena ovat pyyhkeet ja&nbsp;vaatteet tai ehk\u00e4 pikemminkin vaatteiden torsot. Ne eiv\u00e4t ole puettavia vaan viittaavat&nbsp;vaatteen muotoon er\u00e4\u00e4nlaisella arkkityyppisen mekon hahmolla, mielikuvalla mekosta.&nbsp;&nbsp;<\/p>\n\n\n\n<p>N\u00e4yttely onkin kunnianosoitus naisten t\u00f6ille riippumatta siit\u00e4, onko ty\u00f6 tehty&nbsp;tekstiilitehtaassa vai k\u00e4sity\u00f6n\u00e4 kotona<\/p>\n\n\n\n<p>Uusi Liina-sarja on kuparilangasta puikoilla kudottuja v\u00e4rikk\u00e4it\u00e4 pyyhkeit\u00e4. Niiden koko&nbsp;noudattelee Finlaysonin pyyhekokoa ja muutenkin ne linkittyv\u00e4t vanhan tekstiilitehtaan&nbsp;historiaan.&nbsp;Westlin&nbsp;on tutkinut vanhoja hienoja pellavapyyhkeit\u00e4, joissa n\u00e4kyv\u00e4t el\u00e4m\u00e4n&nbsp;v\u00e4rit vaaleasta tummaan. H\u00e4n on p\u00e4\u00e4tynyt ilmaisussaan minimiin, mutta valon ja varjon&nbsp;leikki saa materiaalin el\u00e4m\u00e4\u00e4n kauniisti.&nbsp;&nbsp;<\/p>\n\n\n\n<p>Veikko&nbsp;Halmetoja&nbsp;<\/p>\n\n\n\n<p><em>Meri&nbsp;Westlin&nbsp;on tamperelainen kuvataiteilija ja tekstiilitaiteilija, joka ty\u00f6skentelee Nokialla&nbsp;Nansotalossa.&nbsp;Westlin&nbsp;on koulutukseltaan taiteen maisteri ja valmistunut Aalto-yliopistosta&nbsp;2001. H\u00e4n on osallistunut useisiin valtakunnallisiin yhteisn\u00e4yttelyihin ja pit\u00e4nyt useita&nbsp;yksityisn\u00e4yttelyit\u00e4.&nbsp;Westlin&nbsp;on ollut mukana ryhm\u00e4n\u00e4yttelyiss\u00e4 kotimaassa ja ulkomailla.&nbsp;H\u00e4net tunnetaan metallilankaveistosten ohella ekspressiivisist\u00e4 maalauksista. H\u00e4n maalaa&nbsp;sek\u00e4 perinteisesti kankaalle ett\u00e4 tekee erilaisia spray- ja sapluunavariaatioita paperille.<\/em><em>&nbsp;<\/em><\/p>\n\n\n\n<p><em><strong>N\u00e4yttely avautuu ti 30.7. klo 16-18.<\/strong><\/em><\/p>\n\n\n\n<p><strong><em>Taiteilijatapaaminen su 18.8. klo 14-16.<\/em><\/strong><\/p>\n\n\n\n<p><em><strong>Tervetuloa!&nbsp;<\/strong><\/em><\/p>\n<\/blockquote>\n\n\n\n<p><strong><a href=\"https:\/\/www.forssanmuseo.fi\/ajankohtaista\/?newsid=850&amp;newstitle=Meri+Westlin%3A+Liina+-+tekstiiliveistoksia+metallilangasta+30.7.-18.8.2024\">Tapahtuman sivut >><\/a><\/strong><\/p>","protected":false},"excerpt":{"rendered":"<p>MERI WESTLIN: LIINA &#8211; TEKSTIILIVEISTOKSIA METALLILANGASTA 30.7.-18.8.2024 Galleria&nbsp;Moletti, Forssan&nbsp;museo&nbsp; Meri Westlin on luonut Molettiin uuden teossarjan Liina. Se on jatkoa vuonna 2022 Finlayson Art Areassa Tampereella n\u00e4hdylle Garderobi-sarjalle. Suomalaisen tekstiiliteollisuuden historia yhdist\u00e4\u00e4 n\u00e4yttelytiloja sek\u00e4 my\u00f6s sijaintia. Tampere sek\u00e4 Forssa ovat molemmat olleet tekstiiliteollisuuden keskuksia. Tehtaan ty\u00f6ntekij\u00f6iden kertomukset ja muistot inspiroivat Westlini\u00e4 luomaan teoksia, jotka ovat [&hellip;]<\/p>","protected":false},"author":3,"featured_media":2836,"comment_status":"closed","ping_status":"open","sticky":false,"template":"","format":"standard","meta":{"_acf_changed":false,"footnotes":""},"categories":[1],"tags":[],"class_list":["post-2703","post","type-post","status-publish","format-standard","has-post-thumbnail","hentry","category-ajankohtaista"],"acf":[],"yoast_head":"<!-- This site is optimized with the Yoast SEO plugin v25.2 - https:\/\/yoast.com\/wordpress\/plugins\/seo\/ -->\n<title>LIINA Forssan museo, Galleria Moletti 30.7.-18.8.2024 - Meri Westlin<\/title>\n<meta name=\"robots\" content=\"index, follow, max-snippet:-1, max-image-preview:large, max-video-preview:-1\" \/>\n<link rel=\"canonical\" href=\"https:\/\/www.meriwestlin.fi\/en\/ajankohtaista\/forssa-textile-week-15-18-8-2024\/\" \/>\n<meta property=\"og:locale\" content=\"en_GB\" \/>\n<meta property=\"og:type\" content=\"article\" \/>\n<meta property=\"og:title\" content=\"LIINA Forssan museo, Galleria Moletti 30.7.-18.8.2024 - Meri Westlin\" \/>\n<meta property=\"og:description\" content=\"MERI WESTLIN: LIINA &#8211; TEKSTIILIVEISTOKSIA METALLILANGASTA 30.7.-18.8.2024 Galleria&nbsp;Moletti, Forssan&nbsp;museo&nbsp; Meri Westlin on luonut Molettiin uuden teossarjan Liina. Se on jatkoa vuonna 2022 Finlayson Art Areassa Tampereella n\u00e4hdylle Garderobi-sarjalle. Suomalaisen tekstiiliteollisuuden historia yhdist\u00e4\u00e4 n\u00e4yttelytiloja sek\u00e4 my\u00f6s sijaintia. Tampere sek\u00e4 Forssa ovat molemmat olleet tekstiiliteollisuuden keskuksia. Tehtaan ty\u00f6ntekij\u00f6iden kertomukset ja muistot inspiroivat Westlini\u00e4 luomaan teoksia, jotka ovat [&hellip;]\" \/>\n<meta property=\"og:url\" content=\"https:\/\/www.meriwestlin.fi\/en\/ajankohtaista\/forssa-textile-week-15-18-8-2024\/\" \/>\n<meta property=\"og:site_name\" content=\"Meri Westlin\" \/>\n<meta property=\"article:published_time\" content=\"2024-03-06T15:49:07+00:00\" \/>\n<meta property=\"article:modified_time\" content=\"2025-02-12T19:06:39+00:00\" \/>\n<meta property=\"og:image\" content=\"https:\/\/www.meriwestlin.fi\/wp-content\/uploads\/2024\/07\/IMG_4732.jpg\" \/>\n\t<meta property=\"og:image:width\" content=\"1429\" \/>\n\t<meta property=\"og:image:height\" content=\"1575\" \/>\n\t<meta property=\"og:image:type\" content=\"image\/jpeg\" \/>\n<meta name=\"author\" content=\"Meri\" \/>\n<meta name=\"twitter:card\" content=\"summary_large_image\" \/>\n<meta name=\"twitter:label1\" content=\"Written by\" \/>\n\t<meta name=\"twitter:data1\" content=\"Meri\" \/>\n\t<meta name=\"twitter:label2\" content=\"Estimated reading time\" \/>\n\t<meta name=\"twitter:data2\" content=\"1 minute\" \/>\n<script type=\"application\/ld+json\" class=\"yoast-schema-graph\">{\"@context\":\"https:\/\/schema.org\",\"@graph\":[{\"@type\":\"Article\",\"@id\":\"https:\/\/www.meriwestlin.fi\/ajankohtaista\/forssa-textile-week-15-18-8-2024\/#article\",\"isPartOf\":{\"@id\":\"https:\/\/www.meriwestlin.fi\/ajankohtaista\/forssa-textile-week-15-18-8-2024\/\"},\"author\":{\"name\":\"Meri\",\"@id\":\"https:\/\/www.meriwestlin.fi\/#\/schema\/person\/e980bff5d66606e63cde14de1db4ef47\"},\"headline\":\"LIINA Forssan museo, Galleria Moletti 30.7.-18.8.2024\",\"datePublished\":\"2024-03-06T15:49:07+00:00\",\"dateModified\":\"2025-02-12T19:06:39+00:00\",\"mainEntityOfPage\":{\"@id\":\"https:\/\/www.meriwestlin.fi\/ajankohtaista\/forssa-textile-week-15-18-8-2024\/\"},\"wordCount\":441,\"publisher\":{\"@id\":\"https:\/\/www.meriwestlin.fi\/#organization\"},\"image\":{\"@id\":\"https:\/\/www.meriwestlin.fi\/ajankohtaista\/forssa-textile-week-15-18-8-2024\/#primaryimage\"},\"thumbnailUrl\":\"https:\/\/www.meriwestlin.fi\/wp-content\/uploads\/2024\/07\/IMG_4732.jpg\",\"articleSection\":[\"Ajankohtaista\"],\"inLanguage\":\"en-GB\"},{\"@type\":\"WebPage\",\"@id\":\"https:\/\/www.meriwestlin.fi\/ajankohtaista\/forssa-textile-week-15-18-8-2024\/\",\"url\":\"https:\/\/www.meriwestlin.fi\/ajankohtaista\/forssa-textile-week-15-18-8-2024\/\",\"name\":\"LIINA Forssan museo, Galleria Moletti 30.7.-18.8.2024 - Meri Westlin\",\"isPartOf\":{\"@id\":\"https:\/\/www.meriwestlin.fi\/#website\"},\"primaryImageOfPage\":{\"@id\":\"https:\/\/www.meriwestlin.fi\/ajankohtaista\/forssa-textile-week-15-18-8-2024\/#primaryimage\"},\"image\":{\"@id\":\"https:\/\/www.meriwestlin.fi\/ajankohtaista\/forssa-textile-week-15-18-8-2024\/#primaryimage\"},\"thumbnailUrl\":\"https:\/\/www.meriwestlin.fi\/wp-content\/uploads\/2024\/07\/IMG_4732.jpg\",\"datePublished\":\"2024-03-06T15:49:07+00:00\",\"dateModified\":\"2025-02-12T19:06:39+00:00\",\"breadcrumb\":{\"@id\":\"https:\/\/www.meriwestlin.fi\/ajankohtaista\/forssa-textile-week-15-18-8-2024\/#breadcrumb\"},\"inLanguage\":\"en-GB\",\"potentialAction\":[{\"@type\":\"ReadAction\",\"target\":[\"https:\/\/www.meriwestlin.fi\/ajankohtaista\/forssa-textile-week-15-18-8-2024\/\"]}]},{\"@type\":\"ImageObject\",\"inLanguage\":\"en-GB\",\"@id\":\"https:\/\/www.meriwestlin.fi\/ajankohtaista\/forssa-textile-week-15-18-8-2024\/#primaryimage\",\"url\":\"https:\/\/www.meriwestlin.fi\/wp-content\/uploads\/2024\/07\/IMG_4732.jpg\",\"contentUrl\":\"https:\/\/www.meriwestlin.fi\/wp-content\/uploads\/2024\/07\/IMG_4732.jpg\",\"width\":1429,\"height\":1575,\"caption\":\"Kuparilanka\"},{\"@type\":\"BreadcrumbList\",\"@id\":\"https:\/\/www.meriwestlin.fi\/ajankohtaista\/forssa-textile-week-15-18-8-2024\/#breadcrumb\",\"itemListElement\":[{\"@type\":\"ListItem\",\"position\":1,\"name\":\"Etusivu\",\"item\":\"https:\/\/www.meriwestlin.fi\/\"},{\"@type\":\"ListItem\",\"position\":2,\"name\":\"LIINA Forssan museo, Galleria Moletti 30.7.-18.8.2024\"}]},{\"@type\":\"WebSite\",\"@id\":\"https:\/\/www.meriwestlin.fi\/#website\",\"url\":\"https:\/\/www.meriwestlin.fi\/\",\"name\":\"Meri Westlin\",\"description\":\"Visual artist \/ Kuvataiteilija\",\"publisher\":{\"@id\":\"https:\/\/www.meriwestlin.fi\/#organization\"},\"potentialAction\":[{\"@type\":\"SearchAction\",\"target\":{\"@type\":\"EntryPoint\",\"urlTemplate\":\"https:\/\/www.meriwestlin.fi\/?s={search_term_string}\"},\"query-input\":{\"@type\":\"PropertyValueSpecification\",\"valueRequired\":true,\"valueName\":\"search_term_string\"}}],\"inLanguage\":\"en-GB\"},{\"@type\":\"Organization\",\"@id\":\"https:\/\/www.meriwestlin.fi\/#organization\",\"name\":\"Meri Westlin\",\"url\":\"https:\/\/www.meriwestlin.fi\/\",\"logo\":{\"@type\":\"ImageObject\",\"inLanguage\":\"en-GB\",\"@id\":\"https:\/\/www.meriwestlin.fi\/#\/schema\/logo\/image\/\",\"url\":\"https:\/\/www.meriwestlin.fi\/wp-content\/uploads\/2022\/05\/cropped-Meri-Westlin-Logo-Black.png\",\"contentUrl\":\"https:\/\/www.meriwestlin.fi\/wp-content\/uploads\/2022\/05\/cropped-Meri-Westlin-Logo-Black.png\",\"width\":1239,\"height\":850,\"caption\":\"Meri Westlin\"},\"image\":{\"@id\":\"https:\/\/www.meriwestlin.fi\/#\/schema\/logo\/image\/\"}},{\"@type\":\"Person\",\"@id\":\"https:\/\/www.meriwestlin.fi\/#\/schema\/person\/e980bff5d66606e63cde14de1db4ef47\",\"name\":\"Meri\",\"url\":\"https:\/\/www.meriwestlin.fi\/en\/author\/meri\/\"}]}<\/script>\n<!-- \/ Yoast SEO plugin. -->","yoast_head_json":{"title":"LIINA Forssan museo, Galleria Moletti 30.7.-18.8.2024 - Meri Westlin","robots":{"index":"index","follow":"follow","max-snippet":"max-snippet:-1","max-image-preview":"max-image-preview:large","max-video-preview":"max-video-preview:-1"},"canonical":"https:\/\/www.meriwestlin.fi\/en\/ajankohtaista\/forssa-textile-week-15-18-8-2024\/","og_locale":"en_GB","og_type":"article","og_title":"LIINA Forssan museo, Galleria Moletti 30.7.-18.8.2024 - Meri Westlin","og_description":"MERI WESTLIN: LIINA &#8211; TEKSTIILIVEISTOKSIA METALLILANGASTA 30.7.-18.8.2024 Galleria&nbsp;Moletti, Forssan&nbsp;museo&nbsp; Meri Westlin on luonut Molettiin uuden teossarjan Liina. Se on jatkoa vuonna 2022 Finlayson Art Areassa Tampereella n\u00e4hdylle Garderobi-sarjalle. Suomalaisen tekstiiliteollisuuden historia yhdist\u00e4\u00e4 n\u00e4yttelytiloja sek\u00e4 my\u00f6s sijaintia. Tampere sek\u00e4 Forssa ovat molemmat olleet tekstiiliteollisuuden keskuksia. Tehtaan ty\u00f6ntekij\u00f6iden kertomukset ja muistot inspiroivat Westlini\u00e4 luomaan teoksia, jotka ovat [&hellip;]","og_url":"https:\/\/www.meriwestlin.fi\/en\/ajankohtaista\/forssa-textile-week-15-18-8-2024\/","og_site_name":"Meri Westlin","article_published_time":"2024-03-06T15:49:07+00:00","article_modified_time":"2025-02-12T19:06:39+00:00","og_image":[{"width":1429,"height":1575,"url":"https:\/\/www.meriwestlin.fi\/wp-content\/uploads\/2024\/07\/IMG_4732.jpg","type":"image\/jpeg"}],"author":"Meri","twitter_card":"summary_large_image","twitter_misc":{"Written by":"Meri","Estimated reading time":"1 minute"},"schema":{"@context":"https:\/\/schema.org","@graph":[{"@type":"Article","@id":"https:\/\/www.meriwestlin.fi\/ajankohtaista\/forssa-textile-week-15-18-8-2024\/#article","isPartOf":{"@id":"https:\/\/www.meriwestlin.fi\/ajankohtaista\/forssa-textile-week-15-18-8-2024\/"},"author":{"name":"Meri","@id":"https:\/\/www.meriwestlin.fi\/#\/schema\/person\/e980bff5d66606e63cde14de1db4ef47"},"headline":"LIINA Forssan museo, Galleria Moletti 30.7.-18.8.2024","datePublished":"2024-03-06T15:49:07+00:00","dateModified":"2025-02-12T19:06:39+00:00","mainEntityOfPage":{"@id":"https:\/\/www.meriwestlin.fi\/ajankohtaista\/forssa-textile-week-15-18-8-2024\/"},"wordCount":441,"publisher":{"@id":"https:\/\/www.meriwestlin.fi\/#organization"},"image":{"@id":"https:\/\/www.meriwestlin.fi\/ajankohtaista\/forssa-textile-week-15-18-8-2024\/#primaryimage"},"thumbnailUrl":"https:\/\/www.meriwestlin.fi\/wp-content\/uploads\/2024\/07\/IMG_4732.jpg","articleSection":["Ajankohtaista"],"inLanguage":"en-GB"},{"@type":"WebPage","@id":"https:\/\/www.meriwestlin.fi\/ajankohtaista\/forssa-textile-week-15-18-8-2024\/","url":"https:\/\/www.meriwestlin.fi\/ajankohtaista\/forssa-textile-week-15-18-8-2024\/","name":"LIINA Forssan museo, Galleria Moletti 30.7.-18.8.2024 - Meri Westlin","isPartOf":{"@id":"https:\/\/www.meriwestlin.fi\/#website"},"primaryImageOfPage":{"@id":"https:\/\/www.meriwestlin.fi\/ajankohtaista\/forssa-textile-week-15-18-8-2024\/#primaryimage"},"image":{"@id":"https:\/\/www.meriwestlin.fi\/ajankohtaista\/forssa-textile-week-15-18-8-2024\/#primaryimage"},"thumbnailUrl":"https:\/\/www.meriwestlin.fi\/wp-content\/uploads\/2024\/07\/IMG_4732.jpg","datePublished":"2024-03-06T15:49:07+00:00","dateModified":"2025-02-12T19:06:39+00:00","breadcrumb":{"@id":"https:\/\/www.meriwestlin.fi\/ajankohtaista\/forssa-textile-week-15-18-8-2024\/#breadcrumb"},"inLanguage":"en-GB","potentialAction":[{"@type":"ReadAction","target":["https:\/\/www.meriwestlin.fi\/ajankohtaista\/forssa-textile-week-15-18-8-2024\/"]}]},{"@type":"ImageObject","inLanguage":"en-GB","@id":"https:\/\/www.meriwestlin.fi\/ajankohtaista\/forssa-textile-week-15-18-8-2024\/#primaryimage","url":"https:\/\/www.meriwestlin.fi\/wp-content\/uploads\/2024\/07\/IMG_4732.jpg","contentUrl":"https:\/\/www.meriwestlin.fi\/wp-content\/uploads\/2024\/07\/IMG_4732.jpg","width":1429,"height":1575,"caption":"Kuparilanka"},{"@type":"BreadcrumbList","@id":"https:\/\/www.meriwestlin.fi\/ajankohtaista\/forssa-textile-week-15-18-8-2024\/#breadcrumb","itemListElement":[{"@type":"ListItem","position":1,"name":"Etusivu","item":"https:\/\/www.meriwestlin.fi\/"},{"@type":"ListItem","position":2,"name":"LIINA Forssan museo, Galleria Moletti 30.7.-18.8.2024"}]},{"@type":"WebSite","@id":"https:\/\/www.meriwestlin.fi\/#website","url":"https:\/\/www.meriwestlin.fi\/","name":"Meri Westlin","description":"Visual artist \/ Kuvataiteilija","publisher":{"@id":"https:\/\/www.meriwestlin.fi\/#organization"},"potentialAction":[{"@type":"SearchAction","target":{"@type":"EntryPoint","urlTemplate":"https:\/\/www.meriwestlin.fi\/?s={search_term_string}"},"query-input":{"@type":"PropertyValueSpecification","valueRequired":true,"valueName":"search_term_string"}}],"inLanguage":"en-GB"},{"@type":"Organization","@id":"https:\/\/www.meriwestlin.fi\/#organization","name":"Meri Westlin","url":"https:\/\/www.meriwestlin.fi\/","logo":{"@type":"ImageObject","inLanguage":"en-GB","@id":"https:\/\/www.meriwestlin.fi\/#\/schema\/logo\/image\/","url":"https:\/\/www.meriwestlin.fi\/wp-content\/uploads\/2022\/05\/cropped-Meri-Westlin-Logo-Black.png","contentUrl":"https:\/\/www.meriwestlin.fi\/wp-content\/uploads\/2022\/05\/cropped-Meri-Westlin-Logo-Black.png","width":1239,"height":850,"caption":"Meri Westlin"},"image":{"@id":"https:\/\/www.meriwestlin.fi\/#\/schema\/logo\/image\/"}},{"@type":"Person","@id":"https:\/\/www.meriwestlin.fi\/#\/schema\/person\/e980bff5d66606e63cde14de1db4ef47","name":"Meri","url":"https:\/\/www.meriwestlin.fi\/en\/author\/meri\/"}]}},"_links":{"self":[{"href":"https:\/\/www.meriwestlin.fi\/en\/wp-json\/wp\/v2\/posts\/2703","targetHints":{"allow":["GET"]}}],"collection":[{"href":"https:\/\/www.meriwestlin.fi\/en\/wp-json\/wp\/v2\/posts"}],"about":[{"href":"https:\/\/www.meriwestlin.fi\/en\/wp-json\/wp\/v2\/types\/post"}],"author":[{"embeddable":true,"href":"https:\/\/www.meriwestlin.fi\/en\/wp-json\/wp\/v2\/users\/3"}],"replies":[{"embeddable":true,"href":"https:\/\/www.meriwestlin.fi\/en\/wp-json\/wp\/v2\/comments?post=2703"}],"version-history":[{"count":7,"href":"https:\/\/www.meriwestlin.fi\/en\/wp-json\/wp\/v2\/posts\/2703\/revisions"}],"predecessor-version":[{"id":2840,"href":"https:\/\/www.meriwestlin.fi\/en\/wp-json\/wp\/v2\/posts\/2703\/revisions\/2840"}],"wp:featuredmedia":[{"embeddable":true,"href":"https:\/\/www.meriwestlin.fi\/en\/wp-json\/wp\/v2\/media\/2836"}],"wp:attachment":[{"href":"https:\/\/www.meriwestlin.fi\/en\/wp-json\/wp\/v2\/media?parent=2703"}],"wp:term":[{"taxonomy":"category","embeddable":true,"href":"https:\/\/www.meriwestlin.fi\/en\/wp-json\/wp\/v2\/categories?post=2703"},{"taxonomy":"post_tag","embeddable":true,"href":"https:\/\/www.meriwestlin.fi\/en\/wp-json\/wp\/v2\/tags?post=2703"}],"curies":[{"name":"wp","href":"https:\/\/api.w.org\/{rel}","templated":true}]}}