{"id":1342,"date":"2022-05-30T04:12:43","date_gmt":"2022-05-30T02:12:43","guid":{"rendered":"https:\/\/www.meriwestlin.fi\/?p=1342"},"modified":"2022-09-27T12:41:16","modified_gmt":"2022-09-27T10:41:16","slug":"stipendinayttely-maltinrannassa-2-7-26-7-2022","status":"publish","type":"post","link":"https:\/\/www.meriwestlin.fi\/en\/ajankohtaista\/stipendinayttely-maltinrannassa-2-7-26-7-2022\/","title":{"rendered":"Stipendin\u00e4yttely Taidekeskus M\u00e4ltinrannassa 2.7.-26.7.2022"},"content":{"rendered":"<p><strong>Kes\u00e4p\u00e4iv\u00e4n pienoiskuva&nbsp;<\/strong><\/p>\n\n\n\n<p>Uudet teokseni rakentuvat v\u00e4rin voimaan. N\u00e4yttely on hienovarainen kokonaisuus, jossa yhdistyy maalauksen vahvuus ja herkkyys. Teoksissa on n\u00e4ht\u00e4vill\u00e4 koko luonnon moninaisuus. Sommittelua rytmitt\u00e4v\u00e4t kasvien metamorfoosit ja ne haparoivat rimakasat, jotka j\u00e4\u00e4v\u00e4t j\u00e4ljelle luonnon kiertokulusta. Teoksissa esiintyy kasveja menneisyydest\u00e4, nykyhetkest\u00e4 ja tulevaisuudesta. Tulokulma maalauksiin on nyt valoisa, v\u00e4rik\u00e4s ja positiivinen. T\u00e4ss\u00e4 n\u00e4yttelyss\u00e4 kasvisto muuttuu puutarhaksi, puutarha paratiisiksi. N\u00e4in\u00e4 ep\u00e4varmuuden ja levottomuuden aikoina minulle ei j\u00e4\u00e4 muuta mahdollisuutta, kuin maalata hiljaisen pellon pakahduttava kauneus!<\/p>\n\n\n\n<p><a href=\"https:\/\/kulttuuritoimitus.fi\/kritiikit\/galleriakatsaus\/galleriakatsaus-iloon-keskittyvia-maalauksia-polyhiukkaseen-mahtuva-maailmankaikkeus-ja-paperin-veistoksellisuutta\/\">Kulttuuritoimituksen Galleriakatsaus 23.07.2022, Katri Kovasiipi<\/a><\/p>\n\n\n\n<p><strong>Taidekeskus M\u00e4ltinranta ja Taidelainaamo<\/strong><br>Kuninkaankatu 2, 33210 Tampere<\/p>\n\n\n\n<p><a href=\"https:\/\/www.maltinranta.fi\/tulevat-nayttelyt\/\"><strong>2.7.-26.7. Studio:<\/strong>&nbsp;Alli ja Allan Salon erillisrahaston stipendin\u00e4yttely: Meri Westlin<\/a><\/p>","protected":false},"excerpt":{"rendered":"<p>Kes\u00e4p\u00e4iv\u00e4n pienoiskuva&nbsp; Uudet teokseni rakentuvat v\u00e4rin voimaan. N\u00e4yttely on hienovarainen kokonaisuus, jossa yhdistyy maalauksen vahvuus ja herkkyys. Teoksissa on n\u00e4ht\u00e4vill\u00e4 koko luonnon moninaisuus. Sommittelua rytmitt\u00e4v\u00e4t kasvien metamorfoosit ja ne haparoivat rimakasat, jotka j\u00e4\u00e4v\u00e4t j\u00e4ljelle luonnon kiertokulusta. Teoksissa esiintyy kasveja menneisyydest\u00e4, nykyhetkest\u00e4 ja tulevaisuudesta. Tulokulma maalauksiin on nyt valoisa, v\u00e4rik\u00e4s ja positiivinen. T\u00e4ss\u00e4 n\u00e4yttelyss\u00e4 kasvisto muuttuu [&hellip;]<\/p>","protected":false},"author":4,"featured_media":1393,"comment_status":"open","ping_status":"open","sticky":false,"template":"","format":"standard","meta":{"_acf_changed":false,"footnotes":""},"categories":[1],"tags":[13],"class_list":["post-1342","post","type-post","status-publish","format-standard","has-post-thumbnail","hentry","category-ajankohtaista","tag-taidekeskus-maltinranta"],"acf":[],"yoast_head":"<!-- This site is optimized with the Yoast SEO plugin v25.2 - https:\/\/yoast.com\/wordpress\/plugins\/seo\/ -->\n<title>Stipendin\u00e4yttely Taidekeskus M\u00e4ltinrannassa 2.7.-26.7.2022 - Meri Westlin<\/title>\n<meta name=\"robots\" content=\"index, follow, max-snippet:-1, max-image-preview:large, max-video-preview:-1\" \/>\n<link rel=\"canonical\" href=\"https:\/\/www.meriwestlin.fi\/en\/ajankohtaista\/stipendinayttely-maltinrannassa-2-7-26-7-2022\/\" \/>\n<meta property=\"og:locale\" content=\"en_GB\" \/>\n<meta property=\"og:type\" content=\"article\" \/>\n<meta property=\"og:title\" content=\"Stipendin\u00e4yttely Taidekeskus M\u00e4ltinrannassa 2.7.-26.7.2022 - Meri Westlin\" \/>\n<meta property=\"og:description\" content=\"Kes\u00e4p\u00e4iv\u00e4n pienoiskuva&nbsp; Uudet teokseni rakentuvat v\u00e4rin voimaan. N\u00e4yttely on hienovarainen kokonaisuus, jossa yhdistyy maalauksen vahvuus ja herkkyys. Teoksissa on n\u00e4ht\u00e4vill\u00e4 koko luonnon moninaisuus. Sommittelua rytmitt\u00e4v\u00e4t kasvien metamorfoosit ja ne haparoivat rimakasat, jotka j\u00e4\u00e4v\u00e4t j\u00e4ljelle luonnon kiertokulusta. Teoksissa esiintyy kasveja menneisyydest\u00e4, nykyhetkest\u00e4 ja tulevaisuudesta. Tulokulma maalauksiin on nyt valoisa, v\u00e4rik\u00e4s ja positiivinen. T\u00e4ss\u00e4 n\u00e4yttelyss\u00e4 kasvisto muuttuu [&hellip;]\" \/>\n<meta property=\"og:url\" content=\"https:\/\/www.meriwestlin.fi\/en\/ajankohtaista\/stipendinayttely-maltinrannassa-2-7-26-7-2022\/\" \/>\n<meta property=\"og:site_name\" content=\"Meri Westlin\" \/>\n<meta property=\"article:published_time\" content=\"2022-05-30T02:12:43+00:00\" \/>\n<meta property=\"article:modified_time\" content=\"2022-09-27T10:41:16+00:00\" \/>\n<meta property=\"og:image\" content=\"https:\/\/www.meriwestlin.fi\/wp-content\/uploads\/2022\/05\/Kesapaivan-pienoiskuva-Maltinranta-2022.jpg\" \/>\n\t<meta property=\"og:image:width\" content=\"2500\" \/>\n\t<meta property=\"og:image:height\" content=\"2485\" \/>\n\t<meta property=\"og:image:type\" content=\"image\/jpeg\" \/>\n<meta name=\"author\" content=\"Satu\" \/>\n<meta name=\"twitter:card\" content=\"summary_large_image\" \/>\n<meta name=\"twitter:label1\" content=\"Written by\" \/>\n\t<meta name=\"twitter:data1\" content=\"Satu\" \/>\n\t<meta name=\"twitter:label2\" content=\"Estimated reading time\" \/>\n\t<meta name=\"twitter:data2\" content=\"1 minute\" \/>\n<script type=\"application\/ld+json\" class=\"yoast-schema-graph\">{\"@context\":\"https:\/\/schema.org\",\"@graph\":[{\"@type\":\"Article\",\"@id\":\"https:\/\/www.meriwestlin.fi\/ajankohtaista\/stipendinayttely-maltinrannassa-2-7-26-7-2022\/#article\",\"isPartOf\":{\"@id\":\"https:\/\/www.meriwestlin.fi\/ajankohtaista\/stipendinayttely-maltinrannassa-2-7-26-7-2022\/\"},\"author\":{\"name\":\"Satu\",\"@id\":\"https:\/\/www.meriwestlin.fi\/#\/schema\/person\/6c4d7387e27c687769602089eb2f35b1\"},\"headline\":\"Stipendin\u00e4yttely Taidekeskus M\u00e4ltinrannassa 2.7.-26.7.2022\",\"datePublished\":\"2022-05-30T02:12:43+00:00\",\"dateModified\":\"2022-09-27T10:41:16+00:00\",\"mainEntityOfPage\":{\"@id\":\"https:\/\/www.meriwestlin.fi\/ajankohtaista\/stipendinayttely-maltinrannassa-2-7-26-7-2022\/\"},\"wordCount\":122,\"commentCount\":0,\"publisher\":{\"@id\":\"https:\/\/www.meriwestlin.fi\/#organization\"},\"image\":{\"@id\":\"https:\/\/www.meriwestlin.fi\/ajankohtaista\/stipendinayttely-maltinrannassa-2-7-26-7-2022\/#primaryimage\"},\"thumbnailUrl\":\"https:\/\/www.meriwestlin.fi\/wp-content\/uploads\/2022\/05\/Kesapaivan-pienoiskuva-Maltinranta-2022.jpg\",\"keywords\":[\"Taidekeskus M\u00e4ltinranta\"],\"articleSection\":[\"Ajankohtaista\"],\"inLanguage\":\"en-GB\",\"potentialAction\":[{\"@type\":\"CommentAction\",\"name\":\"Comment\",\"target\":[\"https:\/\/www.meriwestlin.fi\/ajankohtaista\/stipendinayttely-maltinrannassa-2-7-26-7-2022\/#respond\"]}]},{\"@type\":\"WebPage\",\"@id\":\"https:\/\/www.meriwestlin.fi\/ajankohtaista\/stipendinayttely-maltinrannassa-2-7-26-7-2022\/\",\"url\":\"https:\/\/www.meriwestlin.fi\/ajankohtaista\/stipendinayttely-maltinrannassa-2-7-26-7-2022\/\",\"name\":\"Stipendin\u00e4yttely Taidekeskus M\u00e4ltinrannassa 2.7.-26.7.2022 - Meri Westlin\",\"isPartOf\":{\"@id\":\"https:\/\/www.meriwestlin.fi\/#website\"},\"primaryImageOfPage\":{\"@id\":\"https:\/\/www.meriwestlin.fi\/ajankohtaista\/stipendinayttely-maltinrannassa-2-7-26-7-2022\/#primaryimage\"},\"image\":{\"@id\":\"https:\/\/www.meriwestlin.fi\/ajankohtaista\/stipendinayttely-maltinrannassa-2-7-26-7-2022\/#primaryimage\"},\"thumbnailUrl\":\"https:\/\/www.meriwestlin.fi\/wp-content\/uploads\/2022\/05\/Kesapaivan-pienoiskuva-Maltinranta-2022.jpg\",\"datePublished\":\"2022-05-30T02:12:43+00:00\",\"dateModified\":\"2022-09-27T10:41:16+00:00\",\"breadcrumb\":{\"@id\":\"https:\/\/www.meriwestlin.fi\/ajankohtaista\/stipendinayttely-maltinrannassa-2-7-26-7-2022\/#breadcrumb\"},\"inLanguage\":\"en-GB\",\"potentialAction\":[{\"@type\":\"ReadAction\",\"target\":[\"https:\/\/www.meriwestlin.fi\/ajankohtaista\/stipendinayttely-maltinrannassa-2-7-26-7-2022\/\"]}]},{\"@type\":\"ImageObject\",\"inLanguage\":\"en-GB\",\"@id\":\"https:\/\/www.meriwestlin.fi\/ajankohtaista\/stipendinayttely-maltinrannassa-2-7-26-7-2022\/#primaryimage\",\"url\":\"https:\/\/www.meriwestlin.fi\/wp-content\/uploads\/2022\/05\/Kesapaivan-pienoiskuva-Maltinranta-2022.jpg\",\"contentUrl\":\"https:\/\/www.meriwestlin.fi\/wp-content\/uploads\/2022\/05\/Kesapaivan-pienoiskuva-Maltinranta-2022.jpg\",\"width\":2500,\"height\":2485},{\"@type\":\"BreadcrumbList\",\"@id\":\"https:\/\/www.meriwestlin.fi\/ajankohtaista\/stipendinayttely-maltinrannassa-2-7-26-7-2022\/#breadcrumb\",\"itemListElement\":[{\"@type\":\"ListItem\",\"position\":1,\"name\":\"Etusivu\",\"item\":\"https:\/\/www.meriwestlin.fi\/\"},{\"@type\":\"ListItem\",\"position\":2,\"name\":\"Stipendin\u00e4yttely Taidekeskus M\u00e4ltinrannassa 2.7.-26.7.2022\"}]},{\"@type\":\"WebSite\",\"@id\":\"https:\/\/www.meriwestlin.fi\/#website\",\"url\":\"https:\/\/www.meriwestlin.fi\/\",\"name\":\"Meri Westlin\",\"description\":\"Visual artist \/ Kuvataiteilija\",\"publisher\":{\"@id\":\"https:\/\/www.meriwestlin.fi\/#organization\"},\"potentialAction\":[{\"@type\":\"SearchAction\",\"target\":{\"@type\":\"EntryPoint\",\"urlTemplate\":\"https:\/\/www.meriwestlin.fi\/?s={search_term_string}\"},\"query-input\":{\"@type\":\"PropertyValueSpecification\",\"valueRequired\":true,\"valueName\":\"search_term_string\"}}],\"inLanguage\":\"en-GB\"},{\"@type\":\"Organization\",\"@id\":\"https:\/\/www.meriwestlin.fi\/#organization\",\"name\":\"Meri Westlin\",\"url\":\"https:\/\/www.meriwestlin.fi\/\",\"logo\":{\"@type\":\"ImageObject\",\"inLanguage\":\"en-GB\",\"@id\":\"https:\/\/www.meriwestlin.fi\/#\/schema\/logo\/image\/\",\"url\":\"https:\/\/www.meriwestlin.fi\/wp-content\/uploads\/2022\/05\/cropped-Meri-Westlin-Logo-Black.png\",\"contentUrl\":\"https:\/\/www.meriwestlin.fi\/wp-content\/uploads\/2022\/05\/cropped-Meri-Westlin-Logo-Black.png\",\"width\":1239,\"height\":850,\"caption\":\"Meri Westlin\"},\"image\":{\"@id\":\"https:\/\/www.meriwestlin.fi\/#\/schema\/logo\/image\/\"}},{\"@type\":\"Person\",\"@id\":\"https:\/\/www.meriwestlin.fi\/#\/schema\/person\/6c4d7387e27c687769602089eb2f35b1\",\"name\":\"Satu\",\"url\":\"https:\/\/www.meriwestlin.fi\/en\/author\/satu\/\"}]}<\/script>\n<!-- \/ Yoast SEO plugin. -->","yoast_head_json":{"title":"Stipendin\u00e4yttely Taidekeskus M\u00e4ltinrannassa 2.7.-26.7.2022 - Meri Westlin","robots":{"index":"index","follow":"follow","max-snippet":"max-snippet:-1","max-image-preview":"max-image-preview:large","max-video-preview":"max-video-preview:-1"},"canonical":"https:\/\/www.meriwestlin.fi\/en\/ajankohtaista\/stipendinayttely-maltinrannassa-2-7-26-7-2022\/","og_locale":"en_GB","og_type":"article","og_title":"Stipendin\u00e4yttely Taidekeskus M\u00e4ltinrannassa 2.7.-26.7.2022 - Meri Westlin","og_description":"Kes\u00e4p\u00e4iv\u00e4n pienoiskuva&nbsp; Uudet teokseni rakentuvat v\u00e4rin voimaan. N\u00e4yttely on hienovarainen kokonaisuus, jossa yhdistyy maalauksen vahvuus ja herkkyys. Teoksissa on n\u00e4ht\u00e4vill\u00e4 koko luonnon moninaisuus. Sommittelua rytmitt\u00e4v\u00e4t kasvien metamorfoosit ja ne haparoivat rimakasat, jotka j\u00e4\u00e4v\u00e4t j\u00e4ljelle luonnon kiertokulusta. Teoksissa esiintyy kasveja menneisyydest\u00e4, nykyhetkest\u00e4 ja tulevaisuudesta. Tulokulma maalauksiin on nyt valoisa, v\u00e4rik\u00e4s ja positiivinen. T\u00e4ss\u00e4 n\u00e4yttelyss\u00e4 kasvisto muuttuu [&hellip;]","og_url":"https:\/\/www.meriwestlin.fi\/en\/ajankohtaista\/stipendinayttely-maltinrannassa-2-7-26-7-2022\/","og_site_name":"Meri Westlin","article_published_time":"2022-05-30T02:12:43+00:00","article_modified_time":"2022-09-27T10:41:16+00:00","og_image":[{"width":2500,"height":2485,"url":"https:\/\/www.meriwestlin.fi\/wp-content\/uploads\/2022\/05\/Kesapaivan-pienoiskuva-Maltinranta-2022.jpg","type":"image\/jpeg"}],"author":"Satu","twitter_card":"summary_large_image","twitter_misc":{"Written by":"Satu","Estimated reading time":"1 minute"},"schema":{"@context":"https:\/\/schema.org","@graph":[{"@type":"Article","@id":"https:\/\/www.meriwestlin.fi\/ajankohtaista\/stipendinayttely-maltinrannassa-2-7-26-7-2022\/#article","isPartOf":{"@id":"https:\/\/www.meriwestlin.fi\/ajankohtaista\/stipendinayttely-maltinrannassa-2-7-26-7-2022\/"},"author":{"name":"Satu","@id":"https:\/\/www.meriwestlin.fi\/#\/schema\/person\/6c4d7387e27c687769602089eb2f35b1"},"headline":"Stipendin\u00e4yttely Taidekeskus M\u00e4ltinrannassa 2.7.-26.7.2022","datePublished":"2022-05-30T02:12:43+00:00","dateModified":"2022-09-27T10:41:16+00:00","mainEntityOfPage":{"@id":"https:\/\/www.meriwestlin.fi\/ajankohtaista\/stipendinayttely-maltinrannassa-2-7-26-7-2022\/"},"wordCount":122,"commentCount":0,"publisher":{"@id":"https:\/\/www.meriwestlin.fi\/#organization"},"image":{"@id":"https:\/\/www.meriwestlin.fi\/ajankohtaista\/stipendinayttely-maltinrannassa-2-7-26-7-2022\/#primaryimage"},"thumbnailUrl":"https:\/\/www.meriwestlin.fi\/wp-content\/uploads\/2022\/05\/Kesapaivan-pienoiskuva-Maltinranta-2022.jpg","keywords":["Taidekeskus M\u00e4ltinranta"],"articleSection":["Ajankohtaista"],"inLanguage":"en-GB","potentialAction":[{"@type":"CommentAction","name":"Comment","target":["https:\/\/www.meriwestlin.fi\/ajankohtaista\/stipendinayttely-maltinrannassa-2-7-26-7-2022\/#respond"]}]},{"@type":"WebPage","@id":"https:\/\/www.meriwestlin.fi\/ajankohtaista\/stipendinayttely-maltinrannassa-2-7-26-7-2022\/","url":"https:\/\/www.meriwestlin.fi\/ajankohtaista\/stipendinayttely-maltinrannassa-2-7-26-7-2022\/","name":"Stipendin\u00e4yttely Taidekeskus M\u00e4ltinrannassa 2.7.-26.7.2022 - Meri Westlin","isPartOf":{"@id":"https:\/\/www.meriwestlin.fi\/#website"},"primaryImageOfPage":{"@id":"https:\/\/www.meriwestlin.fi\/ajankohtaista\/stipendinayttely-maltinrannassa-2-7-26-7-2022\/#primaryimage"},"image":{"@id":"https:\/\/www.meriwestlin.fi\/ajankohtaista\/stipendinayttely-maltinrannassa-2-7-26-7-2022\/#primaryimage"},"thumbnailUrl":"https:\/\/www.meriwestlin.fi\/wp-content\/uploads\/2022\/05\/Kesapaivan-pienoiskuva-Maltinranta-2022.jpg","datePublished":"2022-05-30T02:12:43+00:00","dateModified":"2022-09-27T10:41:16+00:00","breadcrumb":{"@id":"https:\/\/www.meriwestlin.fi\/ajankohtaista\/stipendinayttely-maltinrannassa-2-7-26-7-2022\/#breadcrumb"},"inLanguage":"en-GB","potentialAction":[{"@type":"ReadAction","target":["https:\/\/www.meriwestlin.fi\/ajankohtaista\/stipendinayttely-maltinrannassa-2-7-26-7-2022\/"]}]},{"@type":"ImageObject","inLanguage":"en-GB","@id":"https:\/\/www.meriwestlin.fi\/ajankohtaista\/stipendinayttely-maltinrannassa-2-7-26-7-2022\/#primaryimage","url":"https:\/\/www.meriwestlin.fi\/wp-content\/uploads\/2022\/05\/Kesapaivan-pienoiskuva-Maltinranta-2022.jpg","contentUrl":"https:\/\/www.meriwestlin.fi\/wp-content\/uploads\/2022\/05\/Kesapaivan-pienoiskuva-Maltinranta-2022.jpg","width":2500,"height":2485},{"@type":"BreadcrumbList","@id":"https:\/\/www.meriwestlin.fi\/ajankohtaista\/stipendinayttely-maltinrannassa-2-7-26-7-2022\/#breadcrumb","itemListElement":[{"@type":"ListItem","position":1,"name":"Etusivu","item":"https:\/\/www.meriwestlin.fi\/"},{"@type":"ListItem","position":2,"name":"Stipendin\u00e4yttely Taidekeskus M\u00e4ltinrannassa 2.7.-26.7.2022"}]},{"@type":"WebSite","@id":"https:\/\/www.meriwestlin.fi\/#website","url":"https:\/\/www.meriwestlin.fi\/","name":"Meri Westlin","description":"Visual artist \/ Kuvataiteilija","publisher":{"@id":"https:\/\/www.meriwestlin.fi\/#organization"},"potentialAction":[{"@type":"SearchAction","target":{"@type":"EntryPoint","urlTemplate":"https:\/\/www.meriwestlin.fi\/?s={search_term_string}"},"query-input":{"@type":"PropertyValueSpecification","valueRequired":true,"valueName":"search_term_string"}}],"inLanguage":"en-GB"},{"@type":"Organization","@id":"https:\/\/www.meriwestlin.fi\/#organization","name":"Meri Westlin","url":"https:\/\/www.meriwestlin.fi\/","logo":{"@type":"ImageObject","inLanguage":"en-GB","@id":"https:\/\/www.meriwestlin.fi\/#\/schema\/logo\/image\/","url":"https:\/\/www.meriwestlin.fi\/wp-content\/uploads\/2022\/05\/cropped-Meri-Westlin-Logo-Black.png","contentUrl":"https:\/\/www.meriwestlin.fi\/wp-content\/uploads\/2022\/05\/cropped-Meri-Westlin-Logo-Black.png","width":1239,"height":850,"caption":"Meri Westlin"},"image":{"@id":"https:\/\/www.meriwestlin.fi\/#\/schema\/logo\/image\/"}},{"@type":"Person","@id":"https:\/\/www.meriwestlin.fi\/#\/schema\/person\/6c4d7387e27c687769602089eb2f35b1","name":"Satu","url":"https:\/\/www.meriwestlin.fi\/en\/author\/satu\/"}]}},"_links":{"self":[{"href":"https:\/\/www.meriwestlin.fi\/en\/wp-json\/wp\/v2\/posts\/1342","targetHints":{"allow":["GET"]}}],"collection":[{"href":"https:\/\/www.meriwestlin.fi\/en\/wp-json\/wp\/v2\/posts"}],"about":[{"href":"https:\/\/www.meriwestlin.fi\/en\/wp-json\/wp\/v2\/types\/post"}],"author":[{"embeddable":true,"href":"https:\/\/www.meriwestlin.fi\/en\/wp-json\/wp\/v2\/users\/4"}],"replies":[{"embeddable":true,"href":"https:\/\/www.meriwestlin.fi\/en\/wp-json\/wp\/v2\/comments?post=1342"}],"version-history":[{"count":9,"href":"https:\/\/www.meriwestlin.fi\/en\/wp-json\/wp\/v2\/posts\/1342\/revisions"}],"predecessor-version":[{"id":2584,"href":"https:\/\/www.meriwestlin.fi\/en\/wp-json\/wp\/v2\/posts\/1342\/revisions\/2584"}],"wp:featuredmedia":[{"embeddable":true,"href":"https:\/\/www.meriwestlin.fi\/en\/wp-json\/wp\/v2\/media\/1393"}],"wp:attachment":[{"href":"https:\/\/www.meriwestlin.fi\/en\/wp-json\/wp\/v2\/media?parent=1342"}],"wp:term":[{"taxonomy":"category","embeddable":true,"href":"https:\/\/www.meriwestlin.fi\/en\/wp-json\/wp\/v2\/categories?post=1342"},{"taxonomy":"post_tag","embeddable":true,"href":"https:\/\/www.meriwestlin.fi\/en\/wp-json\/wp\/v2\/tags?post=1342"}],"curies":[{"name":"wp","href":"https:\/\/api.w.org\/{rel}","templated":true}]}}