{"id":1115,"date":"2022-05-30T01:46:06","date_gmt":"2022-05-29T23:46:06","guid":{"rendered":"https:\/\/www.meriwestlin.fi\/?p=1115"},"modified":"2022-06-08T22:09:03","modified_gmt":"2022-06-08T20:09:03","slug":"mekot-ja-uimapuvut-nousevat-portaikkoon","status":"publish","type":"post","link":"https:\/\/www.meriwestlin.fi\/en\/ajankohtaista\/mekot-ja-uimapuvut-nousevat-portaikkoon\/","title":{"rendered":"Mekot ja uimapuvut nousevat portaikkoon \/ Finlayson Art Area 10.6.-28.8.2022"},"content":{"rendered":"<p>MERI WESTLIN on kutonut metallilangasta ilmavia, miltei aineettomia vaatteita tai vaatteiden torsoja, kuten h\u00e4n itse niit\u00e4 kutsuu. Kyseess\u00e4 on sarja keveit\u00e4 veistoksia, jotka yhdess\u00e4 muodostavat installaation Finlaysonin vanhaan teollisuustilaan.<\/p>\n\n\n\n<p>Kaikki l\u00e4hti siit\u00e4, kun Finlayson Art Arean kuraattori ja johtaja <strong>Pertti Ketonen<\/strong> n\u00e4ki Joensuun taidemuseon kokoelmassa <strong>Meri Westlinin<\/strong> kudottuja mekkoja, veistoksia, jotka ovat aineettomia ja keveit\u00e4. Westlinin teos <em>Pohjois-Karjalainen Haute Couture<\/em> oli esill\u00e4 vuonna 1997 Honkahovissa ja sen puistossa osana M\u00e4nt\u00e4n kuvataideviikkoja. Sielt\u00e4 se on jakautunut eri kokoelmiin ja eri omistajille.<\/p>\n\n\n\n<p>Ketonen kutsui samanhenkisen kokonaisuuden nyt 25 vuotta my\u00f6hemmin Tampereelle, aivan erilaiseen ymp\u00e4rist\u00f6\u00f6n. Kes\u00e4inen kartanoilmapiiri vaihtui tehdassaliksi ja kietoutui puuvillatytt\u00f6jen tarinoihin.<\/p>\n\n\n\n<h3 class=\"wp-block-heading\">Melu, p\u00f6ly ja kuumuus<\/h3>\n\n\n\n<p>Westlin on kokonaisuutta varten keskustellut el\u00e4kkeell\u00e4 olevan <strong>Eeva Vuorelan<\/strong> kanssa. Vuorela ty\u00f6skenteli Finlaysonilla kutojana 41 vuotta. Ty\u00f6 oli urakkaty\u00f6t\u00e4 koneen \u00e4\u00e4ress\u00e4, ensin p\u00e4ivisin ja sitten kolmivuoroty\u00f6n\u00e4. Melu, p\u00f6ly ja kuumuus olivat ty\u00f6ss\u00e4 l\u00e4sn\u00e4.&nbsp;<\/p>\n\n\n\n<p>Ty\u00f6 kutojana oli konetahtista ja ruokailut hoidettiin alkuvuosina ty\u00f6n ohessa. V\u00e4liaikoja ei ollut eik\u00e4 juhlia j\u00e4rjestetty, uimassa k\u00e4ytiin vapaap\u00e4ivin\u00e4 ja koneen iskut m\u00e4\u00e4r\u00e4siv\u00e4t tahdin. Ne k\u00e4viv\u00e4t keskeytyksett\u00e4 ymp\u00e4ri vuorokauden.&nbsp;<\/p>\n\n\n\n<p>Vuorelan kertomukset inspiroivat Westlini\u00e4 luomaan teoksen, joka on kunnianosoitus puuvillatehtaan ty\u00f6ntekij\u00f6ille. Suurin osa heist\u00e4 oli niin sanottuja puuvillatytt\u00f6j\u00e4, ja heit\u00e4 ajatellen installaatiosta l\u00f6ytyy siroja mekkoja ja hentoja uimapukuja.<\/p>\n\n\n\n<p>\u2013 Vanha portaikko, jossa teoskokonaisuus sijaitsee, on upea. Ihastuin siihen heti, Westlin sanoo.<\/p>\n\n\n\n<p>\u2013 Metalliportaissa ovat k\u00e4velleet jo tehtaan ty\u00f6ntekij\u00e4t aikoinaan. Luon siihen kuparilankaa kutomalla kolmenkymmenen mekon ja uimapuvun kokonaisuuden, joka luo esteettisen, melkein l\u00e4pin\u00e4kyv\u00e4n tilan.<\/p>\n\n\n\n<p><\/p>\n\n\n\n<figure class=\"wp-block-image size-large\"><img fetchpriority=\"high\" decoding=\"async\" width=\"657\" height=\"1024\" src=\"https:\/\/www.meriwestlin.fi\/wp-content\/uploads\/2022\/05\/Haute-Couture-FAA-2022-657x1024.jpg\" alt=\"\" class=\"wp-image-1117\" srcset=\"https:\/\/www.meriwestlin.fi\/wp-content\/uploads\/2022\/05\/Haute-Couture-FAA-2022-657x1024.jpg 657w, https:\/\/www.meriwestlin.fi\/wp-content\/uploads\/2022\/05\/Haute-Couture-FAA-2022-192x300.jpg 192w, https:\/\/www.meriwestlin.fi\/wp-content\/uploads\/2022\/05\/Haute-Couture-FAA-2022-768x1197.jpg 768w, https:\/\/www.meriwestlin.fi\/wp-content\/uploads\/2022\/05\/Haute-Couture-FAA-2022-986x1536.jpg 986w, https:\/\/www.meriwestlin.fi\/wp-content\/uploads\/2022\/05\/Haute-Couture-FAA-2022-1314x2048.jpg 1314w, https:\/\/www.meriwestlin.fi\/wp-content\/uploads\/2022\/05\/Haute-Couture-FAA-2022.jpg 1400w\" sizes=\"(max-width: 657px) 100vw, 657px\" \/><\/figure>\n\n\n\n<p><\/p>\n\n\n\n<h3 class=\"wp-block-heading\">Maalauksia M\u00e4ltinrannassa<\/h3>\n\n\n\n<p>Meri Westlin on viime vuosina opittu tuntemaan p\u00e4\u00e4asiassa ekspressiivisist\u00e4 maalauksista. H\u00e4n maalaa sek\u00e4 perinteisesti kankaalle ett\u00e4 tekee erilaisia spray- ja sapluunavariaatioita paperille. H\u00e4nen edellinen n\u00e4yttelyns\u00e4 Galleria Himmelblaussa piti sis\u00e4ll\u00e4\u00e4n Kasvisto-nimisen sarjan isoja mustavalkoisia teoksia. Ne manifestoivat lajikatoa ja ihmisen vaikutusta ymp\u00e4rist\u00f6\u00f6ns\u00e4.<\/p>\n\n\n\n<p>Nyt Finlayson Art Areassa esill\u00e4 oleva installaatio on er\u00e4\u00e4nlainen paluu juurille: k\u00e4sill\u00e4 tekemist\u00e4 siten, ett\u00e4 my\u00f6s aihe ja tarina ammentavat k\u00e4sill\u00e4 tekemisest\u00e4.<\/p>\n\n\n\n<p>Hein\u00e4kuussa on mahtava tilaisuus n\u00e4hd\u00e4 Meri Westlinin ty\u00f6skentelyst\u00e4 kaksi eri puolta, kun vierailee Tamperetta halkovan kosken molemmilla rannoilla. H\u00e4nen maalauksistaan koottu n\u00e4yttely on n\u00e4ht\u00e4viss\u00e4 Taidekeskus M\u00e4ltinrannassa, ihan Finlaysonin alueen tuntumassa.<\/p>\n\n\n\n<p>\u2013 Uudet maalaukseni rakentuvat v\u00e4rin voimaan. Sommittelua rytmitt\u00e4v\u00e4t kasvien metamorfoosit ja ne haparoivat rimakasat, jotka j\u00e4\u00e4v\u00e4t j\u00e4ljelle luonnon kiertokulusta.<\/p>\n\n\n\n<p>Uusissa maalauksissa esiintyy kasveja menneisyydest\u00e4, nykyhetkest\u00e4 ja tulevaisuudesta. Tulokulma on valoisa, v\u00e4rik\u00e4s ja positiivinen. Ennen kovin mustavalkoinen kasvisto muuttuu puutarhaksi, puutarha paratiisiksi.<\/p>\n\n\n\n<p>\u2013 N\u00e4in\u00e4 ep\u00e4varmuuden ja levottomuuden aikoina minulle ei j\u00e4\u00e4 muuta mahdollisuutta kuin maalata hiljaisen pellon pakahduttava kauneus, Westlin miltei julistaa.<\/p>\n\n\n\n<p><em>Veikko Halmetoja<\/em><\/p>\n\n\n\n<div style=\"height:50px\" aria-hidden=\"true\" class=\"wp-block-spacer\"><\/div>\n\n\n\n<p>Finlayson Art Area 10.6.- 28.8.2022<\/p>\n\n\n\n<p>Taidekeskus M\u00e4ltinranta 2.7.-26.7.2022<\/p>","protected":false},"excerpt":{"rendered":"<p>MERI WESTLIN on kutonut metallilangasta ilmavia, miltei aineettomia vaatteita tai vaatteiden torsoja, kuten h\u00e4n itse niit\u00e4 kutsuu. Kyseess\u00e4 on sarja keveit\u00e4 veistoksia, jotka yhdess\u00e4 muodostavat installaation Finlaysonin vanhaan teollisuustilaan. Kaikki l\u00e4hti siit\u00e4, kun Finlayson Art Arean kuraattori ja johtaja Pertti Ketonen n\u00e4ki Joensuun taidemuseon kokoelmassa Meri Westlinin kudottuja mekkoja, veistoksia, jotka ovat aineettomia ja keveit\u00e4. [&hellip;]<\/p>","protected":false},"author":4,"featured_media":1116,"comment_status":"open","ping_status":"open","sticky":false,"template":"","format":"standard","meta":{"_acf_changed":false,"footnotes":""},"categories":[1],"tags":[14],"class_list":["post-1115","post","type-post","status-publish","format-standard","has-post-thumbnail","hentry","category-ajankohtaista","tag-finlayson-art-area"],"acf":[],"yoast_head":"<!-- This site is optimized with the Yoast SEO plugin v25.2 - https:\/\/yoast.com\/wordpress\/plugins\/seo\/ -->\n<title>Mekot ja uimapuvut nousevat portaikkoon \/ Finlayson Art Area 10.6.-28.8.2022 - Meri Westlin<\/title>\n<meta name=\"robots\" content=\"index, follow, max-snippet:-1, max-image-preview:large, max-video-preview:-1\" \/>\n<link rel=\"canonical\" href=\"https:\/\/www.meriwestlin.fi\/en\/ajankohtaista\/mekot-ja-uimapuvut-nousevat-portaikkoon\/\" \/>\n<meta property=\"og:locale\" content=\"en_GB\" \/>\n<meta property=\"og:type\" content=\"article\" \/>\n<meta property=\"og:title\" content=\"Mekot ja uimapuvut nousevat portaikkoon \/ Finlayson Art Area 10.6.-28.8.2022 - Meri Westlin\" \/>\n<meta property=\"og:description\" content=\"MERI WESTLIN on kutonut metallilangasta ilmavia, miltei aineettomia vaatteita tai vaatteiden torsoja, kuten h\u00e4n itse niit\u00e4 kutsuu. Kyseess\u00e4 on sarja keveit\u00e4 veistoksia, jotka yhdess\u00e4 muodostavat installaation Finlaysonin vanhaan teollisuustilaan. Kaikki l\u00e4hti siit\u00e4, kun Finlayson Art Arean kuraattori ja johtaja Pertti Ketonen n\u00e4ki Joensuun taidemuseon kokoelmassa Meri Westlinin kudottuja mekkoja, veistoksia, jotka ovat aineettomia ja keveit\u00e4. [&hellip;]\" \/>\n<meta property=\"og:url\" content=\"https:\/\/www.meriwestlin.fi\/en\/ajankohtaista\/mekot-ja-uimapuvut-nousevat-portaikkoon\/\" \/>\n<meta property=\"og:site_name\" content=\"Meri Westlin\" \/>\n<meta property=\"article:published_time\" content=\"2022-05-29T23:46:06+00:00\" \/>\n<meta property=\"article:modified_time\" content=\"2022-06-08T20:09:03+00:00\" \/>\n<meta property=\"og:image\" content=\"https:\/\/www.meriwestlin.fi\/wp-content\/uploads\/2022\/05\/Pohjois-Karjalainen-Haute-Couture-FAA-2022.jpg\" \/>\n\t<meta property=\"og:image:width\" content=\"1600\" \/>\n\t<meta property=\"og:image:height\" content=\"973\" \/>\n\t<meta property=\"og:image:type\" content=\"image\/jpeg\" \/>\n<meta name=\"author\" content=\"Satu\" \/>\n<meta name=\"twitter:card\" content=\"summary_large_image\" \/>\n<meta name=\"twitter:label1\" content=\"Written by\" \/>\n\t<meta name=\"twitter:data1\" content=\"Satu\" \/>\n\t<meta name=\"twitter:label2\" content=\"Estimated reading time\" \/>\n\t<meta name=\"twitter:data2\" content=\"3 minutes\" \/>\n<script type=\"application\/ld+json\" class=\"yoast-schema-graph\">{\"@context\":\"https:\/\/schema.org\",\"@graph\":[{\"@type\":\"Article\",\"@id\":\"https:\/\/www.meriwestlin.fi\/ajankohtaista\/mekot-ja-uimapuvut-nousevat-portaikkoon\/#article\",\"isPartOf\":{\"@id\":\"https:\/\/www.meriwestlin.fi\/ajankohtaista\/mekot-ja-uimapuvut-nousevat-portaikkoon\/\"},\"author\":{\"name\":\"Satu\",\"@id\":\"https:\/\/www.meriwestlin.fi\/#\/schema\/person\/6c4d7387e27c687769602089eb2f35b1\"},\"headline\":\"Mekot ja uimapuvut nousevat portaikkoon \/ Finlayson Art Area 10.6.-28.8.2022\",\"datePublished\":\"2022-05-29T23:46:06+00:00\",\"dateModified\":\"2022-06-08T20:09:03+00:00\",\"mainEntityOfPage\":{\"@id\":\"https:\/\/www.meriwestlin.fi\/ajankohtaista\/mekot-ja-uimapuvut-nousevat-portaikkoon\/\"},\"wordCount\":471,\"commentCount\":0,\"publisher\":{\"@id\":\"https:\/\/www.meriwestlin.fi\/#organization\"},\"image\":{\"@id\":\"https:\/\/www.meriwestlin.fi\/ajankohtaista\/mekot-ja-uimapuvut-nousevat-portaikkoon\/#primaryimage\"},\"thumbnailUrl\":\"https:\/\/www.meriwestlin.fi\/wp-content\/uploads\/2022\/05\/Pohjois-Karjalainen-Haute-Couture-FAA-2022.jpg\",\"keywords\":[\"Finlayson Art Area\"],\"articleSection\":[\"Ajankohtaista\"],\"inLanguage\":\"en-GB\",\"potentialAction\":[{\"@type\":\"CommentAction\",\"name\":\"Comment\",\"target\":[\"https:\/\/www.meriwestlin.fi\/ajankohtaista\/mekot-ja-uimapuvut-nousevat-portaikkoon\/#respond\"]}]},{\"@type\":\"WebPage\",\"@id\":\"https:\/\/www.meriwestlin.fi\/ajankohtaista\/mekot-ja-uimapuvut-nousevat-portaikkoon\/\",\"url\":\"https:\/\/www.meriwestlin.fi\/ajankohtaista\/mekot-ja-uimapuvut-nousevat-portaikkoon\/\",\"name\":\"Mekot ja uimapuvut nousevat portaikkoon \/ Finlayson Art Area 10.6.-28.8.2022 - Meri Westlin\",\"isPartOf\":{\"@id\":\"https:\/\/www.meriwestlin.fi\/#website\"},\"primaryImageOfPage\":{\"@id\":\"https:\/\/www.meriwestlin.fi\/ajankohtaista\/mekot-ja-uimapuvut-nousevat-portaikkoon\/#primaryimage\"},\"image\":{\"@id\":\"https:\/\/www.meriwestlin.fi\/ajankohtaista\/mekot-ja-uimapuvut-nousevat-portaikkoon\/#primaryimage\"},\"thumbnailUrl\":\"https:\/\/www.meriwestlin.fi\/wp-content\/uploads\/2022\/05\/Pohjois-Karjalainen-Haute-Couture-FAA-2022.jpg\",\"datePublished\":\"2022-05-29T23:46:06+00:00\",\"dateModified\":\"2022-06-08T20:09:03+00:00\",\"breadcrumb\":{\"@id\":\"https:\/\/www.meriwestlin.fi\/ajankohtaista\/mekot-ja-uimapuvut-nousevat-portaikkoon\/#breadcrumb\"},\"inLanguage\":\"en-GB\",\"potentialAction\":[{\"@type\":\"ReadAction\",\"target\":[\"https:\/\/www.meriwestlin.fi\/ajankohtaista\/mekot-ja-uimapuvut-nousevat-portaikkoon\/\"]}]},{\"@type\":\"ImageObject\",\"inLanguage\":\"en-GB\",\"@id\":\"https:\/\/www.meriwestlin.fi\/ajankohtaista\/mekot-ja-uimapuvut-nousevat-portaikkoon\/#primaryimage\",\"url\":\"https:\/\/www.meriwestlin.fi\/wp-content\/uploads\/2022\/05\/Pohjois-Karjalainen-Haute-Couture-FAA-2022.jpg\",\"contentUrl\":\"https:\/\/www.meriwestlin.fi\/wp-content\/uploads\/2022\/05\/Pohjois-Karjalainen-Haute-Couture-FAA-2022.jpg\",\"width\":1600,\"height\":973},{\"@type\":\"BreadcrumbList\",\"@id\":\"https:\/\/www.meriwestlin.fi\/ajankohtaista\/mekot-ja-uimapuvut-nousevat-portaikkoon\/#breadcrumb\",\"itemListElement\":[{\"@type\":\"ListItem\",\"position\":1,\"name\":\"Etusivu\",\"item\":\"https:\/\/www.meriwestlin.fi\/\"},{\"@type\":\"ListItem\",\"position\":2,\"name\":\"Mekot ja uimapuvut nousevat portaikkoon \/ Finlayson Art Area 10.6.-28.8.2022\"}]},{\"@type\":\"WebSite\",\"@id\":\"https:\/\/www.meriwestlin.fi\/#website\",\"url\":\"https:\/\/www.meriwestlin.fi\/\",\"name\":\"Meri Westlin\",\"description\":\"Visual artist \/ Kuvataiteilija\",\"publisher\":{\"@id\":\"https:\/\/www.meriwestlin.fi\/#organization\"},\"potentialAction\":[{\"@type\":\"SearchAction\",\"target\":{\"@type\":\"EntryPoint\",\"urlTemplate\":\"https:\/\/www.meriwestlin.fi\/?s={search_term_string}\"},\"query-input\":{\"@type\":\"PropertyValueSpecification\",\"valueRequired\":true,\"valueName\":\"search_term_string\"}}],\"inLanguage\":\"en-GB\"},{\"@type\":\"Organization\",\"@id\":\"https:\/\/www.meriwestlin.fi\/#organization\",\"name\":\"Meri Westlin\",\"url\":\"https:\/\/www.meriwestlin.fi\/\",\"logo\":{\"@type\":\"ImageObject\",\"inLanguage\":\"en-GB\",\"@id\":\"https:\/\/www.meriwestlin.fi\/#\/schema\/logo\/image\/\",\"url\":\"https:\/\/www.meriwestlin.fi\/wp-content\/uploads\/2022\/05\/cropped-Meri-Westlin-Logo-Black.png\",\"contentUrl\":\"https:\/\/www.meriwestlin.fi\/wp-content\/uploads\/2022\/05\/cropped-Meri-Westlin-Logo-Black.png\",\"width\":1239,\"height\":850,\"caption\":\"Meri Westlin\"},\"image\":{\"@id\":\"https:\/\/www.meriwestlin.fi\/#\/schema\/logo\/image\/\"}},{\"@type\":\"Person\",\"@id\":\"https:\/\/www.meriwestlin.fi\/#\/schema\/person\/6c4d7387e27c687769602089eb2f35b1\",\"name\":\"Satu\",\"url\":\"https:\/\/www.meriwestlin.fi\/en\/author\/satu\/\"}]}<\/script>\n<!-- \/ Yoast SEO plugin. -->","yoast_head_json":{"title":"Mekot ja uimapuvut nousevat portaikkoon \/ Finlayson Art Area 10.6.-28.8.2022 - Meri Westlin","robots":{"index":"index","follow":"follow","max-snippet":"max-snippet:-1","max-image-preview":"max-image-preview:large","max-video-preview":"max-video-preview:-1"},"canonical":"https:\/\/www.meriwestlin.fi\/en\/ajankohtaista\/mekot-ja-uimapuvut-nousevat-portaikkoon\/","og_locale":"en_GB","og_type":"article","og_title":"Mekot ja uimapuvut nousevat portaikkoon \/ Finlayson Art Area 10.6.-28.8.2022 - Meri Westlin","og_description":"MERI WESTLIN on kutonut metallilangasta ilmavia, miltei aineettomia vaatteita tai vaatteiden torsoja, kuten h\u00e4n itse niit\u00e4 kutsuu. Kyseess\u00e4 on sarja keveit\u00e4 veistoksia, jotka yhdess\u00e4 muodostavat installaation Finlaysonin vanhaan teollisuustilaan. Kaikki l\u00e4hti siit\u00e4, kun Finlayson Art Arean kuraattori ja johtaja Pertti Ketonen n\u00e4ki Joensuun taidemuseon kokoelmassa Meri Westlinin kudottuja mekkoja, veistoksia, jotka ovat aineettomia ja keveit\u00e4. [&hellip;]","og_url":"https:\/\/www.meriwestlin.fi\/en\/ajankohtaista\/mekot-ja-uimapuvut-nousevat-portaikkoon\/","og_site_name":"Meri Westlin","article_published_time":"2022-05-29T23:46:06+00:00","article_modified_time":"2022-06-08T20:09:03+00:00","og_image":[{"width":1600,"height":973,"url":"https:\/\/www.meriwestlin.fi\/wp-content\/uploads\/2022\/05\/Pohjois-Karjalainen-Haute-Couture-FAA-2022.jpg","type":"image\/jpeg"}],"author":"Satu","twitter_card":"summary_large_image","twitter_misc":{"Written by":"Satu","Estimated reading time":"3 minutes"},"schema":{"@context":"https:\/\/schema.org","@graph":[{"@type":"Article","@id":"https:\/\/www.meriwestlin.fi\/ajankohtaista\/mekot-ja-uimapuvut-nousevat-portaikkoon\/#article","isPartOf":{"@id":"https:\/\/www.meriwestlin.fi\/ajankohtaista\/mekot-ja-uimapuvut-nousevat-portaikkoon\/"},"author":{"name":"Satu","@id":"https:\/\/www.meriwestlin.fi\/#\/schema\/person\/6c4d7387e27c687769602089eb2f35b1"},"headline":"Mekot ja uimapuvut nousevat portaikkoon \/ Finlayson Art Area 10.6.-28.8.2022","datePublished":"2022-05-29T23:46:06+00:00","dateModified":"2022-06-08T20:09:03+00:00","mainEntityOfPage":{"@id":"https:\/\/www.meriwestlin.fi\/ajankohtaista\/mekot-ja-uimapuvut-nousevat-portaikkoon\/"},"wordCount":471,"commentCount":0,"publisher":{"@id":"https:\/\/www.meriwestlin.fi\/#organization"},"image":{"@id":"https:\/\/www.meriwestlin.fi\/ajankohtaista\/mekot-ja-uimapuvut-nousevat-portaikkoon\/#primaryimage"},"thumbnailUrl":"https:\/\/www.meriwestlin.fi\/wp-content\/uploads\/2022\/05\/Pohjois-Karjalainen-Haute-Couture-FAA-2022.jpg","keywords":["Finlayson Art Area"],"articleSection":["Ajankohtaista"],"inLanguage":"en-GB","potentialAction":[{"@type":"CommentAction","name":"Comment","target":["https:\/\/www.meriwestlin.fi\/ajankohtaista\/mekot-ja-uimapuvut-nousevat-portaikkoon\/#respond"]}]},{"@type":"WebPage","@id":"https:\/\/www.meriwestlin.fi\/ajankohtaista\/mekot-ja-uimapuvut-nousevat-portaikkoon\/","url":"https:\/\/www.meriwestlin.fi\/ajankohtaista\/mekot-ja-uimapuvut-nousevat-portaikkoon\/","name":"Mekot ja uimapuvut nousevat portaikkoon \/ Finlayson Art Area 10.6.-28.8.2022 - Meri Westlin","isPartOf":{"@id":"https:\/\/www.meriwestlin.fi\/#website"},"primaryImageOfPage":{"@id":"https:\/\/www.meriwestlin.fi\/ajankohtaista\/mekot-ja-uimapuvut-nousevat-portaikkoon\/#primaryimage"},"image":{"@id":"https:\/\/www.meriwestlin.fi\/ajankohtaista\/mekot-ja-uimapuvut-nousevat-portaikkoon\/#primaryimage"},"thumbnailUrl":"https:\/\/www.meriwestlin.fi\/wp-content\/uploads\/2022\/05\/Pohjois-Karjalainen-Haute-Couture-FAA-2022.jpg","datePublished":"2022-05-29T23:46:06+00:00","dateModified":"2022-06-08T20:09:03+00:00","breadcrumb":{"@id":"https:\/\/www.meriwestlin.fi\/ajankohtaista\/mekot-ja-uimapuvut-nousevat-portaikkoon\/#breadcrumb"},"inLanguage":"en-GB","potentialAction":[{"@type":"ReadAction","target":["https:\/\/www.meriwestlin.fi\/ajankohtaista\/mekot-ja-uimapuvut-nousevat-portaikkoon\/"]}]},{"@type":"ImageObject","inLanguage":"en-GB","@id":"https:\/\/www.meriwestlin.fi\/ajankohtaista\/mekot-ja-uimapuvut-nousevat-portaikkoon\/#primaryimage","url":"https:\/\/www.meriwestlin.fi\/wp-content\/uploads\/2022\/05\/Pohjois-Karjalainen-Haute-Couture-FAA-2022.jpg","contentUrl":"https:\/\/www.meriwestlin.fi\/wp-content\/uploads\/2022\/05\/Pohjois-Karjalainen-Haute-Couture-FAA-2022.jpg","width":1600,"height":973},{"@type":"BreadcrumbList","@id":"https:\/\/www.meriwestlin.fi\/ajankohtaista\/mekot-ja-uimapuvut-nousevat-portaikkoon\/#breadcrumb","itemListElement":[{"@type":"ListItem","position":1,"name":"Etusivu","item":"https:\/\/www.meriwestlin.fi\/"},{"@type":"ListItem","position":2,"name":"Mekot ja uimapuvut nousevat portaikkoon \/ Finlayson Art Area 10.6.-28.8.2022"}]},{"@type":"WebSite","@id":"https:\/\/www.meriwestlin.fi\/#website","url":"https:\/\/www.meriwestlin.fi\/","name":"Meri Westlin","description":"Visual artist \/ Kuvataiteilija","publisher":{"@id":"https:\/\/www.meriwestlin.fi\/#organization"},"potentialAction":[{"@type":"SearchAction","target":{"@type":"EntryPoint","urlTemplate":"https:\/\/www.meriwestlin.fi\/?s={search_term_string}"},"query-input":{"@type":"PropertyValueSpecification","valueRequired":true,"valueName":"search_term_string"}}],"inLanguage":"en-GB"},{"@type":"Organization","@id":"https:\/\/www.meriwestlin.fi\/#organization","name":"Meri Westlin","url":"https:\/\/www.meriwestlin.fi\/","logo":{"@type":"ImageObject","inLanguage":"en-GB","@id":"https:\/\/www.meriwestlin.fi\/#\/schema\/logo\/image\/","url":"https:\/\/www.meriwestlin.fi\/wp-content\/uploads\/2022\/05\/cropped-Meri-Westlin-Logo-Black.png","contentUrl":"https:\/\/www.meriwestlin.fi\/wp-content\/uploads\/2022\/05\/cropped-Meri-Westlin-Logo-Black.png","width":1239,"height":850,"caption":"Meri Westlin"},"image":{"@id":"https:\/\/www.meriwestlin.fi\/#\/schema\/logo\/image\/"}},{"@type":"Person","@id":"https:\/\/www.meriwestlin.fi\/#\/schema\/person\/6c4d7387e27c687769602089eb2f35b1","name":"Satu","url":"https:\/\/www.meriwestlin.fi\/en\/author\/satu\/"}]}},"_links":{"self":[{"href":"https:\/\/www.meriwestlin.fi\/en\/wp-json\/wp\/v2\/posts\/1115","targetHints":{"allow":["GET"]}}],"collection":[{"href":"https:\/\/www.meriwestlin.fi\/en\/wp-json\/wp\/v2\/posts"}],"about":[{"href":"https:\/\/www.meriwestlin.fi\/en\/wp-json\/wp\/v2\/types\/post"}],"author":[{"embeddable":true,"href":"https:\/\/www.meriwestlin.fi\/en\/wp-json\/wp\/v2\/users\/4"}],"replies":[{"embeddable":true,"href":"https:\/\/www.meriwestlin.fi\/en\/wp-json\/wp\/v2\/comments?post=1115"}],"version-history":[{"count":7,"href":"https:\/\/www.meriwestlin.fi\/en\/wp-json\/wp\/v2\/posts\/1115\/revisions"}],"predecessor-version":[{"id":2210,"href":"https:\/\/www.meriwestlin.fi\/en\/wp-json\/wp\/v2\/posts\/1115\/revisions\/2210"}],"wp:featuredmedia":[{"embeddable":true,"href":"https:\/\/www.meriwestlin.fi\/en\/wp-json\/wp\/v2\/media\/1116"}],"wp:attachment":[{"href":"https:\/\/www.meriwestlin.fi\/en\/wp-json\/wp\/v2\/media?parent=1115"}],"wp:term":[{"taxonomy":"category","embeddable":true,"href":"https:\/\/www.meriwestlin.fi\/en\/wp-json\/wp\/v2\/categories?post=1115"},{"taxonomy":"post_tag","embeddable":true,"href":"https:\/\/www.meriwestlin.fi\/en\/wp-json\/wp\/v2\/tags?post=1115"}],"curies":[{"name":"wp","href":"https:\/\/api.w.org\/{rel}","templated":true}]}}